{"id":1779,"date":"2022-04-18T16:31:48","date_gmt":"2022-04-18T14:31:48","guid":{"rendered":"https:\/\/timuntutravel.com\/v3\/?p=1779"},"modified":"2022-05-26T11:17:49","modified_gmt":"2022-05-26T09:17:49","slug":"les-sapeurs-le-costume-et-la-culture-congolaise","status":"publish","type":"post","link":"https:\/\/timuntutravel.com\/v3\/les-sapeurs-le-costume-et-la-culture-congolaise\/","title":{"rendered":"Les sapeurs : Le costume et la culture congolaise"},"content":{"rendered":"\n<p>G\u00e9n\u00e9ralement, chaque pays a un sens du style qui les identifie ou plut\u00f4t les distingue des autres pays.<\/p>\n\n\n\n<p>En voyageant \u00e0 travers le continent africain, vous trouverez des similitudes dans notre diversit\u00e9 africaine, mais il y a toujours un moyen de nous diff\u00e9rencier. Notre cr\u00e9ativit\u00e9 est devenue notre identit\u00e9, la fa\u00e7on dont nous choisissons de nous exprimer \u00e0 travers les arts est la fa\u00e7on dont nous sommes reconnus dans le monde entier.<\/p>\n\n\n\n<div style=\"height:50px\" aria-hidden=\"true\" class=\"wp-block-spacer\"><\/div>\n\n\n\n<div class=\"wp-block-cover is-light\" style=\"min-height:479px;aspect-ratio:unset;\"><span aria-hidden=\"true\" class=\"wp-block-cover__background has-background-dim-20 has-background-dim\"><\/span><img decoding=\"async\" class=\"wp-block-cover__image-background\" alt=\"\" src=\"https:\/\/lh5.googleusercontent.com\/Xn0fVBsYvI-fpMwP2SY_3-KgEi09a8hzHa_ExFaWFaGh9jkJxiJfqsS3fHyLdb8wkg2Tzua47wxWMk9d_o6TpMTFrO11ezdDS88qcoMCUApfwJ34mIHSpp8pgG0ALkOgnsFEfP26\" data-object-fit=\"cover\"\/><div class=\"wp-block-cover__inner-container is-layout-flow wp-block-cover-is-layout-flow\">\n<p class=\"has-text-align-center has-large-font-size\"><\/p>\n<\/div><\/div>\n\n\n\n<div style=\"height:50px\" aria-hidden=\"true\" class=\"wp-block-spacer\"><\/div>\n\n\n\n<h2 class=\"wp-block-heading\">L\u2019origine de la S.A.P.E.<\/h2>\n\n\n\n<p>La S.A.P.E. de son acronyme : la \u201cSoci\u00e9t\u00e9 des Ambianceurs et des Personnes \u00c9l\u00e9gantes\u201d.<\/p>\n\n\n\n<p>Au moyen-\u00e2ge, lors de la rencontre entre les portugais et le peuple Kongo, les portugais d\u00e9couvrirent un \u00e9tat bien organis\u00e9. Le peuple kongo avait acquis une certaine ma\u00eetrise du m\u00e9tier de tissage qui \u00e9tait en plein essor. Gr\u00e2ce \u00e0 leur cr\u00e9ativit\u00e9, le peuple Kongo r\u00e9ussit m\u00eame \u00e0 d\u00e9velopper une industrie textile dont la qualit\u00e9 des tissus rivalisait avec ceux des europ\u00e9ens.<\/p>\n\n\n\n<p>\u00c0 l&rsquo;origine on ne parlait donc pas de la sape mais plut\u00f4t du \u2018\u2019bunkete\u2019\u2019 qui veut dire la propret\u00e9. Ce mouvement a \u00e9t\u00e9 amplifi\u00e9 avec les \u2018\u2019boys\u2019\u2019 qui \u00e9taient des domestiques au service d&rsquo;un Europ\u00e9en dans les pays coloniaux ou ex-coloniaux d&rsquo;Afrique noire. Ces boys qui \u00e9taient parfois des gardiens ou des jardiniers h\u00e9ritaient des v\u00eatements de leur ma\u00eetre. C\u2019est ainsi qu\u2019ils pouvaient, \u00e0 cette \u00e9poque, s\u2019habiller de mani\u00e8re ostentatoire. Ce qui a donn\u00e9 lieu \u00e0 plusieurs modes tel que le bombacho avec sa mode du oversized. La coutume de La S.A.P.E. remonte aux ann\u00e9es 1920. Souvent confondue \u00e0 tort avec la Sapologie, la S.A.P.E. a quant \u00e0 elle, sa propre d\u00e9finition.<\/p>\n\n\n\n<div style=\"height:50px\" aria-hidden=\"true\" class=\"wp-block-spacer\"><\/div>\n\n\n\n<div class=\"wp-block-cover is-light\" style=\"min-height:566px;aspect-ratio:unset;\"><span aria-hidden=\"true\" class=\"wp-block-cover__background has-background-dim-20 has-background-dim\"><\/span><img decoding=\"async\" class=\"wp-block-cover__image-background\" alt=\"\" src=\"https:\/\/lh5.googleusercontent.com\/-pT6H87uE1UjwV4KDjAFjbI4ALSBlSt_arWk7cS5EpT24AlucjBhimESvqw7wRUsJ2eDS0r2QslBy8941xxvSzhviwS4fBUyVVvEpY7rBS8wRETZDPoAL4LWvsBQl0AAJRTihv4v\" data-object-fit=\"cover\"\/><div class=\"wp-block-cover__inner-container is-layout-flow wp-block-cover-is-layout-flow\">\n<p class=\"has-text-align-center has-large-font-size\"><\/p>\n<\/div><\/div>\n\n\n\n<div style=\"height:50px\" aria-hidden=\"true\" class=\"wp-block-spacer\"><\/div>\n\n\n\n<h2 class=\"wp-block-heading\">La S.A.P.E., un mouvement contestataire<\/h2>\n\n\n\n<p>\u00c0 cette \u00e9poque, beaucoup consid\u00e9raient les hommes blancs comme sup\u00e9rieurs, en raison de leur sophistication et de leur \u00e9l\u00e9gance, et beaucoup de Congolais souhaitaient les imiter. Consid\u00e9r\u00e9s comme d\u00e9rangeants, les premiers sapeurs ont utilis\u00e9 ce mouvement contestataire parce que la Sape \u00e9tait la seule arme dont ils disposaient pour revendiquer certains droits. En 1922, Grenard Andr\u00e9 Matsoua est le premier Congolais \u00e0 revenir de Paris habill\u00e9 en vrai Fran\u00e7ais. Son arriv\u00e9e a suscit\u00e9 une grande admiration parmi ses compatriotes; il est devenu le premier Grand Sapeur et est connu comme \u00e9tant le pr\u00e9curseur de la Sape congolaise.\u00a0<\/p>\n\n\n\n<div style=\"height:50px\" aria-hidden=\"true\" class=\"wp-block-spacer\"><\/div>\n\n\n\n<div class=\"wp-block-cover aligncenter is-light\" style=\"min-height:946px;aspect-ratio:unset;\"><span aria-hidden=\"true\" class=\"wp-block-cover__background has-background-dim-10 has-background-dim\"><\/span><img decoding=\"async\" class=\"wp-block-cover__image-background\" alt=\"\" src=\"https:\/\/lh4.googleusercontent.com\/XfVl1q3FAp5Q1InEwO3e1XeEtDm4HSKqyqHoCZUL1QJ5rbrmjLSjgESs6nsDNMcOzIxE2WENKvVLCT9xL1cbTUUyIUydqmfchtalqL-ukbHMCqL4AI3zEm0uhRwhYnf5zwQNXh7J\" data-object-fit=\"cover\"\/><div class=\"wp-block-cover__inner-container is-layout-flow wp-block-cover-is-layout-flow\">\n<p class=\"has-text-align-center has-large-font-size\"><\/p>\n<\/div><\/div>\n\n\n\n<div style=\"height:51px\" aria-hidden=\"true\" class=\"wp-block-spacer\"><\/div>\n\n\n\n<p>La S.A.P.E. a toujours eu un impact au niveau de la politique. Elle a \u00e9t\u00e9 pendant longtemps interdite par l&rsquo;ancien pr\u00e9sident de la R\u00e9publique d\u00e9mocratique du Congo, Joseph-D\u00e9sir\u00e9 Mobutu \u00e0 travers sa campagne d&rsquo;authenticit\u00e9. Ce dernier avait interdit le port du costume et de la caravane et avait impos\u00e9 le port de l&rsquo;uniforme appel\u00e9 aussi l\u2019 \u00a0\u00bbabacos\u00a0\u00bb, qui est un mot d\u00e9riv\u00e9 de la prononciation du fran\u00e7ais \u2018\u2019\u00e0 bas le costume\u2019\u2019. Son objectif \u00e9tait de d\u00e9barrasser le pays des vestiges persistants du colonialisme et de l&rsquo;influence continue de la culture occidentale et de cr\u00e9er une identit\u00e9 nationale plus centralis\u00e9e et plus singuli\u00e8re. La politique a commenc\u00e9 \u00e0 d\u00e9cliner \u00e0 la fin des ann\u00e9es 1970 et a \u00e9t\u00e9 abandonn\u00e9e pour la plupart en 1990.<\/p>\n\n\n\n<div style=\"height:50px\" aria-hidden=\"true\" class=\"wp-block-spacer\"><\/div>\n\n\n\n<div class=\"wp-block-cover aligncenter is-light\" style=\"min-height:770px;aspect-ratio:unset;\"><span aria-hidden=\"true\" class=\"wp-block-cover__background has-background-dim-10 has-background-dim\"><\/span><img decoding=\"async\" class=\"wp-block-cover__image-background\" alt=\"\" src=\"https:\/\/lh5.googleusercontent.com\/WPeZcQAthgnh-V1Aum6-JC_dvo9twnCZfOcNMUJ97vZg5HOs3rTHRLwzj6ab9TVF8_wSYjXLCA5qMOfPD_fhCu_t2i0hrU56dp4UUeRFF2ZrgymMNSTgCFSJo32HL3ghbTVZ6SVN\" data-object-fit=\"cover\"\/><div class=\"wp-block-cover__inner-container is-layout-flow wp-block-cover-is-layout-flow\">\n<p class=\"has-text-align-center has-large-font-size\"><\/p>\n<\/div><\/div>\n\n\n\n<div style=\"height:51px\" aria-hidden=\"true\" class=\"wp-block-spacer\"><\/div>\n\n\n\n<h2 class=\"wp-block-heading\">La S.A.P.E., une vraie culture congolaise<\/h2>\n\n\n\n<p>Une certaine jeunesse souvent repr\u00e9sent\u00e9e par des artistes tels que des chanteurs ou des com\u00e9diens ont commenc\u00e9 \u00e0 protester par des m\u0153urs vestimentaires et \u00e0 adh\u00e9rer \u00e0 une autre mani\u00e8re de s&rsquo;habiller autrement qu\u2019en portant les abacos. Ils ont donc port\u00e9 le costume, cravate pour redonner de la valeur \u00e0 leur art.<\/p>\n\n\n\n<div style=\"height:50px\" aria-hidden=\"true\" class=\"wp-block-spacer\"><\/div>\n\n\n\n<div class=\"wp-block-cover is-light\" style=\"min-height:1155px;aspect-ratio:unset;\"><span aria-hidden=\"true\" class=\"wp-block-cover__background has-background-dim-10 has-background-dim\"><\/span><img decoding=\"async\" class=\"wp-block-cover__image-background\" alt=\"\" src=\"https:\/\/lh4.googleusercontent.com\/Slwofd4DoOk63vKU08Ih_wmIoO_e7r-oqANLO_r3GhaT8I7f_TOVyQ6YRhQ92tg9DF-yw5O7rnbMaElaszlDGepmBVZ-L9k-c4algokLTzV72EfWZ1ydX-_h8scafHPrTGMskeYm\" data-object-fit=\"cover\"\/><div class=\"wp-block-cover__inner-container is-layout-flow wp-block-cover-is-layout-flow\">\n<p class=\"has-text-align-center has-large-font-size\"><\/p>\n<\/div><\/div>\n\n\n\n<div style=\"height:50px\" aria-hidden=\"true\" class=\"wp-block-spacer\"><\/div>\n\n\n\n<p>C\u2019est de cette mani\u00e8re que certains musiciens tel que Papa Wemba ont r\u00e9ussi \u00e0 d\u00e9mocratiser le mouvement de la S.A.P.E. A Kinshasa, Papa Wemba est connu comme \u00e9tant le \u2018\u2019Roi de la sape\u2019\u2019 car \u00e0 Kinshasa, il a \u00e9t\u00e9 le premier acteur principal a le diffuser \u00e0 grande \u00e9chelle. Il a fait \u00e9merger le mouvement outre Afrique, notamment en l\u2019important en occident et en Europe. Par le biais de son orchestre, en faisant des fusions et des featurings avec d\u2019autres grands artistes comme Peter Gabriel, la rumba s&rsquo;est d\u00e9mocratis\u00e9e. Et qui disait Rumba, disait Papa Wemba et qui disait Papa Wemba disait aussi la S.A.P.E.\u00a0<\/p>\n\n\n\n<p>Cette coutume est devenue c\u00e9l\u00e8bre dans les deux villes (Kinshasa et Brazzaville) et a continuellement donn\u00e9 au Congo la reconnaissance qu&rsquo;il m\u00e9rite apr\u00e8s une p\u00e9riode difficile de ne pas \u00eatre reconnu par les touristes, stimulant le tourisme durable en R\u00e9publique D\u00e9mocratique du Congo et en R\u00e9publique du Congo.<\/p>\n\n\n\n<p>La S.A.P.E. a fait des vagues incroyables dans l&rsquo;industrie de la mode. Elle est connue comme le sens de la mode sous-culturelle masculine \u00e9mergeant de la ville de Kinshasa et de Brazzaville. Ce sens de la mode repr\u00e9sente les messieurs qui consacrent leur argent et leur temps \u00e0 avoir l&rsquo;air \u00e9l\u00e9gant et moderne, pour eux c&rsquo;est devenu un style de vie plus qu&rsquo;un simple dilemme de mode. Aujourd&rsquo;hui, la coutume et la culture de La S.A.P.E. se sont \u00e9largies pour inclure les femmes et les enfants.<\/p>\n\n\n\n<div style=\"height:51px\" aria-hidden=\"true\" class=\"wp-block-spacer\"><\/div>\n\n\n\n<div class=\"wp-block-cover is-light\" style=\"min-height:568px;aspect-ratio:unset;\"><span aria-hidden=\"true\" class=\"wp-block-cover__background has-background-dim-20 has-background-dim\"><\/span><img decoding=\"async\" class=\"wp-block-cover__image-background\" alt=\"\" src=\"https:\/\/lh6.googleusercontent.com\/5jBLvtLUCaSG9WeD921c_0Hje4i7px4TB5DywcLy3CkHGnlp-pV02A8clfLWIe6oBuhMN5TWrB24ids4axrwUHUIBuSR_NQabRBD-Ype79sJNGJi0kDyGUCHiEhEusMQqN8saROE\" data-object-fit=\"cover\"\/><div class=\"wp-block-cover__inner-container is-layout-flow wp-block-cover-is-layout-flow\">\n<p class=\"has-text-align-center has-large-font-size\"><\/p>\n<\/div><\/div>\n\n\n\n<div style=\"height:51px\" aria-hidden=\"true\" class=\"wp-block-spacer\"><\/div>\n\n\n\n<p>L&rsquo;usure de la mode congolaise, entre autres raisons comme les riches min\u00e9raux de ces deux pays voisins, a \u00e9t\u00e9 le facteur cl\u00e9 du d\u00e9veloppement \u00e9conomique du pays. Le tourisme \u00e9tant relativement en hausse au Congo, ces deux pays ont une strat\u00e9gie nationale commune qui est l&rsquo;espoir pour un avenir que le tourisme durable peut ouvrir des voies pour la cr\u00e9ation d&#8217;emplois \u00e0 revenu interm\u00e9diaire dans les zones rurales et urbaines avec un plan national de tourisme qui implique des programmes pour la mode et les arts. Autant cette coutume \u00e9tait autrefois interdite en RDC, autant elle s&rsquo;est massivement d\u00e9velopp\u00e9e au profit du pays et a \u00e9t\u00e9 expos\u00e9e, jusqu\u2019\u00e0 se r\u00e9pandre \u00e0 travers l&rsquo;Afrique et le Royaume-Uni, montrant l&rsquo;incroyable talent congolais.<\/p>\n\n\n\n<p>En tant qu&rsquo;agence de voyages engag\u00e9e et responsable, Timuntu Travel salue ce talent de la mode qu\u2019est La S.A.P.E. et vous recommande de faire une halte en RDC ou en R\u00e9publique du Congo pour vivre une rencontre incroyable avec les diff\u00e9rents amoureux de La Sape.<\/p>\n","protected":false},"excerpt":{"rendered":"<p>G\u00e9n\u00e9ralement, chaque pays a un sens du style qui les identifie ou plut\u00f4t les distingue des autres pays. En voyageant \u00e0 travers le continent africain, vous trouverez des similitudes dans notre diversit\u00e9 africaine, mais il y a toujours un moyen de nous diff\u00e9rencier. Notre cr\u00e9ativit\u00e9 est devenue notre identit\u00e9, la fa\u00e7on dont nous choisissons de [&hellip;]<\/p>\n","protected":false},"author":1,"featured_media":1780,"comment_status":"open","ping_status":"open","sticky":false,"template":"","format":"standard","meta":{"_acf_changed":false,"_jet_sm_ready_style":"","_jet_sm_style":"","_jet_sm_controls_values":"","_jet_sm_fonts_collection":"","_jet_sm_fonts_links":"","footnotes":""},"categories":[219],"tags":[232],"class_list":["post-1779","post","type-post","status-publish","format-standard","has-post-thumbnail","hentry","category-blog","tag-blog"],"acf":[],"yoast_head":"<!-- This site is optimized with the Yoast SEO plugin v25.4 - https:\/\/yoast.com\/wordpress\/plugins\/seo\/ -->\n<title>Les sapeurs : Le costume et la culture congolaise - Timuntu Travel<\/title>\n<meta name=\"robots\" content=\"index, follow, max-snippet:-1, max-image-preview:large, max-video-preview:-1\" \/>\n<link rel=\"canonical\" href=\"https:\/\/timuntutravel.com\/v3\/les-sapeurs-le-costume-et-la-culture-congolaise\/\" \/>\n<meta property=\"og:locale\" content=\"fr_FR\" \/>\n<meta property=\"og:type\" content=\"article\" \/>\n<meta property=\"og:title\" content=\"Les sapeurs : Le costume et la culture congolaise - Timuntu Travel\" \/>\n<meta property=\"og:description\" content=\"G\u00e9n\u00e9ralement, chaque pays a un sens du style qui les identifie ou plut\u00f4t les distingue des autres pays. En voyageant \u00e0 travers le continent africain, vous trouverez des similitudes dans notre diversit\u00e9 africaine, mais il y a toujours un moyen de nous diff\u00e9rencier. Notre cr\u00e9ativit\u00e9 est devenue notre identit\u00e9, la fa\u00e7on dont nous choisissons de [&hellip;]\" \/>\n<meta property=\"og:url\" content=\"https:\/\/timuntutravel.com\/v3\/les-sapeurs-le-costume-et-la-culture-congolaise\/\" \/>\n<meta property=\"og:site_name\" content=\"Timuntu Travel\" \/>\n<meta property=\"article:published_time\" content=\"2022-04-18T14:31:48+00:00\" \/>\n<meta property=\"article:modified_time\" content=\"2022-05-26T09:17:49+00:00\" \/>\n<meta property=\"og:image\" content=\"https:\/\/timuntutravel.com\/v3\/wp-content\/uploads\/2022\/04\/Capture-de\u0301cran-2022-04-18-a\u0300-16.31.00.png\" \/>\n\t<meta property=\"og:image:width\" content=\"1011\" \/>\n\t<meta property=\"og:image:height\" content=\"674\" \/>\n\t<meta property=\"og:image:type\" content=\"image\/png\" \/>\n<meta name=\"author\" content=\"admin_85media\" \/>\n<meta name=\"twitter:card\" content=\"summary_large_image\" \/>\n<meta name=\"twitter:label1\" content=\"\u00c9crit par\" \/>\n\t<meta name=\"twitter:data1\" content=\"admin_85media\" \/>\n\t<meta name=\"twitter:label2\" content=\"Dur\u00e9e de lecture estim\u00e9e\" \/>\n\t<meta name=\"twitter:data2\" content=\"5 minutes\" \/>\n<script type=\"application\/ld+json\" class=\"yoast-schema-graph\">{\"@context\":\"https:\/\/schema.org\",\"@graph\":[{\"@type\":\"Article\",\"@id\":\"https:\/\/timuntutravel.com\/v3\/les-sapeurs-le-costume-et-la-culture-congolaise\/#article\",\"isPartOf\":{\"@id\":\"https:\/\/timuntutravel.com\/v3\/les-sapeurs-le-costume-et-la-culture-congolaise\/\"},\"author\":{\"name\":\"admin_85media\",\"@id\":\"https:\/\/timuntutravel.com\/#\/schema\/person\/3eebc366d63b6708bd114cd7dd3ec0c5\"},\"headline\":\"Les sapeurs : Le costume et la culture congolaise\",\"datePublished\":\"2022-04-18T14:31:48+00:00\",\"dateModified\":\"2022-05-26T09:17:49+00:00\",\"mainEntityOfPage\":{\"@id\":\"https:\/\/timuntutravel.com\/v3\/les-sapeurs-le-costume-et-la-culture-congolaise\/\"},\"wordCount\":1055,\"commentCount\":0,\"publisher\":{\"@id\":\"https:\/\/timuntutravel.com\/#organization\"},\"image\":{\"@id\":\"https:\/\/timuntutravel.com\/v3\/les-sapeurs-le-costume-et-la-culture-congolaise\/#primaryimage\"},\"thumbnailUrl\":\"https:\/\/timuntutravel.com\/v3\/wp-content\/uploads\/2022\/04\/Capture-de\u0301cran-2022-04-18-a\u0300-16.31.00.png\",\"keywords\":[\"blog\"],\"articleSection\":[\"Blog\"],\"inLanguage\":\"fr-FR\",\"potentialAction\":[{\"@type\":\"CommentAction\",\"name\":\"Comment\",\"target\":[\"https:\/\/timuntutravel.com\/v3\/les-sapeurs-le-costume-et-la-culture-congolaise\/#respond\"]}]},{\"@type\":\"WebPage\",\"@id\":\"https:\/\/timuntutravel.com\/v3\/les-sapeurs-le-costume-et-la-culture-congolaise\/\",\"url\":\"https:\/\/timuntutravel.com\/v3\/les-sapeurs-le-costume-et-la-culture-congolaise\/\",\"name\":\"Les sapeurs : Le costume et la culture congolaise - Timuntu Travel\",\"isPartOf\":{\"@id\":\"https:\/\/timuntutravel.com\/#website\"},\"primaryImageOfPage\":{\"@id\":\"https:\/\/timuntutravel.com\/v3\/les-sapeurs-le-costume-et-la-culture-congolaise\/#primaryimage\"},\"image\":{\"@id\":\"https:\/\/timuntutravel.com\/v3\/les-sapeurs-le-costume-et-la-culture-congolaise\/#primaryimage\"},\"thumbnailUrl\":\"https:\/\/timuntutravel.com\/v3\/wp-content\/uploads\/2022\/04\/Capture-de\u0301cran-2022-04-18-a\u0300-16.31.00.png\",\"datePublished\":\"2022-04-18T14:31:48+00:00\",\"dateModified\":\"2022-05-26T09:17:49+00:00\",\"breadcrumb\":{\"@id\":\"https:\/\/timuntutravel.com\/v3\/les-sapeurs-le-costume-et-la-culture-congolaise\/#breadcrumb\"},\"inLanguage\":\"fr-FR\",\"potentialAction\":[{\"@type\":\"ReadAction\",\"target\":[\"https:\/\/timuntutravel.com\/v3\/les-sapeurs-le-costume-et-la-culture-congolaise\/\"]}]},{\"@type\":\"ImageObject\",\"inLanguage\":\"fr-FR\",\"@id\":\"https:\/\/timuntutravel.com\/v3\/les-sapeurs-le-costume-et-la-culture-congolaise\/#primaryimage\",\"url\":\"https:\/\/timuntutravel.com\/v3\/wp-content\/uploads\/2022\/04\/Capture-de\u0301cran-2022-04-18-a\u0300-16.31.00.png\",\"contentUrl\":\"https:\/\/timuntutravel.com\/v3\/wp-content\/uploads\/2022\/04\/Capture-de\u0301cran-2022-04-18-a\u0300-16.31.00.png\",\"width\":1011,\"height\":674},{\"@type\":\"BreadcrumbList\",\"@id\":\"https:\/\/timuntutravel.com\/v3\/les-sapeurs-le-costume-et-la-culture-congolaise\/#breadcrumb\",\"itemListElement\":[{\"@type\":\"ListItem\",\"position\":1,\"name\":\"Accueil\",\"item\":\"https:\/\/timuntutravel.com\/v3\/\"},{\"@type\":\"ListItem\",\"position\":2,\"name\":\"Les sapeurs : Le costume et la culture congolaise\"}]},{\"@type\":\"WebSite\",\"@id\":\"https:\/\/timuntutravel.com\/#website\",\"url\":\"https:\/\/timuntutravel.com\/\",\"name\":\"Timuntu Travel\",\"description\":\"Timuntu Travel\",\"publisher\":{\"@id\":\"https:\/\/timuntutravel.com\/#organization\"},\"potentialAction\":[{\"@type\":\"SearchAction\",\"target\":{\"@type\":\"EntryPoint\",\"urlTemplate\":\"https:\/\/timuntutravel.com\/?s={search_term_string}\"},\"query-input\":{\"@type\":\"PropertyValueSpecification\",\"valueRequired\":true,\"valueName\":\"search_term_string\"}}],\"inLanguage\":\"fr-FR\"},{\"@type\":\"Organization\",\"@id\":\"https:\/\/timuntutravel.com\/#organization\",\"name\":\"Timuntu Travel\",\"url\":\"https:\/\/timuntutravel.com\/\",\"logo\":{\"@type\":\"ImageObject\",\"inLanguage\":\"fr-FR\",\"@id\":\"https:\/\/timuntutravel.com\/#\/schema\/logo\/image\/\",\"url\":\"https:\/\/timuntutravel.com\/v3\/wp-content\/uploads\/2022\/04\/Original.png\",\"contentUrl\":\"https:\/\/timuntutravel.com\/v3\/wp-content\/uploads\/2022\/04\/Original.png\",\"width\":800,\"height\":361,\"caption\":\"Timuntu Travel\"},\"image\":{\"@id\":\"https:\/\/timuntutravel.com\/#\/schema\/logo\/image\/\"}},{\"@type\":\"Person\",\"@id\":\"https:\/\/timuntutravel.com\/#\/schema\/person\/3eebc366d63b6708bd114cd7dd3ec0c5\",\"name\":\"admin_85media\",\"image\":{\"@type\":\"ImageObject\",\"inLanguage\":\"fr-FR\",\"@id\":\"https:\/\/timuntutravel.com\/#\/schema\/person\/image\/\",\"url\":\"https:\/\/secure.gravatar.com\/avatar\/adcac1f3a95900ad933a8d9242a4b4f646f8f21746a21986abadb3c7ffd8d02a?s=96&d=mm&r=g\",\"contentUrl\":\"https:\/\/secure.gravatar.com\/avatar\/adcac1f3a95900ad933a8d9242a4b4f646f8f21746a21986abadb3c7ffd8d02a?s=96&d=mm&r=g\",\"caption\":\"admin_85media\"},\"sameAs\":[\"https:\/\/timuntutravel.com\/v3\"]}]}<\/script>\n<!-- \/ Yoast SEO plugin. -->","yoast_head_json":{"title":"Les sapeurs : Le costume et la culture congolaise - Timuntu Travel","robots":{"index":"index","follow":"follow","max-snippet":"max-snippet:-1","max-image-preview":"max-image-preview:large","max-video-preview":"max-video-preview:-1"},"canonical":"https:\/\/timuntutravel.com\/v3\/les-sapeurs-le-costume-et-la-culture-congolaise\/","og_locale":"fr_FR","og_type":"article","og_title":"Les sapeurs : Le costume et la culture congolaise - Timuntu Travel","og_description":"G\u00e9n\u00e9ralement, chaque pays a un sens du style qui les identifie ou plut\u00f4t les distingue des autres pays. En voyageant \u00e0 travers le continent africain, vous trouverez des similitudes dans notre diversit\u00e9 africaine, mais il y a toujours un moyen de nous diff\u00e9rencier. Notre cr\u00e9ativit\u00e9 est devenue notre identit\u00e9, la fa\u00e7on dont nous choisissons de [&hellip;]","og_url":"https:\/\/timuntutravel.com\/v3\/les-sapeurs-le-costume-et-la-culture-congolaise\/","og_site_name":"Timuntu Travel","article_published_time":"2022-04-18T14:31:48+00:00","article_modified_time":"2022-05-26T09:17:49+00:00","og_image":[{"width":1011,"height":674,"url":"https:\/\/timuntutravel.com\/v3\/wp-content\/uploads\/2022\/04\/Capture-de\u0301cran-2022-04-18-a\u0300-16.31.00.png","type":"image\/png"}],"author":"admin_85media","twitter_card":"summary_large_image","twitter_misc":{"\u00c9crit par":"admin_85media","Dur\u00e9e de lecture estim\u00e9e":"5 minutes"},"schema":{"@context":"https:\/\/schema.org","@graph":[{"@type":"Article","@id":"https:\/\/timuntutravel.com\/v3\/les-sapeurs-le-costume-et-la-culture-congolaise\/#article","isPartOf":{"@id":"https:\/\/timuntutravel.com\/v3\/les-sapeurs-le-costume-et-la-culture-congolaise\/"},"author":{"name":"admin_85media","@id":"https:\/\/timuntutravel.com\/#\/schema\/person\/3eebc366d63b6708bd114cd7dd3ec0c5"},"headline":"Les sapeurs : Le costume et la culture congolaise","datePublished":"2022-04-18T14:31:48+00:00","dateModified":"2022-05-26T09:17:49+00:00","mainEntityOfPage":{"@id":"https:\/\/timuntutravel.com\/v3\/les-sapeurs-le-costume-et-la-culture-congolaise\/"},"wordCount":1055,"commentCount":0,"publisher":{"@id":"https:\/\/timuntutravel.com\/#organization"},"image":{"@id":"https:\/\/timuntutravel.com\/v3\/les-sapeurs-le-costume-et-la-culture-congolaise\/#primaryimage"},"thumbnailUrl":"https:\/\/timuntutravel.com\/v3\/wp-content\/uploads\/2022\/04\/Capture-de\u0301cran-2022-04-18-a\u0300-16.31.00.png","keywords":["blog"],"articleSection":["Blog"],"inLanguage":"fr-FR","potentialAction":[{"@type":"CommentAction","name":"Comment","target":["https:\/\/timuntutravel.com\/v3\/les-sapeurs-le-costume-et-la-culture-congolaise\/#respond"]}]},{"@type":"WebPage","@id":"https:\/\/timuntutravel.com\/v3\/les-sapeurs-le-costume-et-la-culture-congolaise\/","url":"https:\/\/timuntutravel.com\/v3\/les-sapeurs-le-costume-et-la-culture-congolaise\/","name":"Les sapeurs : Le costume et la culture congolaise - Timuntu Travel","isPartOf":{"@id":"https:\/\/timuntutravel.com\/#website"},"primaryImageOfPage":{"@id":"https:\/\/timuntutravel.com\/v3\/les-sapeurs-le-costume-et-la-culture-congolaise\/#primaryimage"},"image":{"@id":"https:\/\/timuntutravel.com\/v3\/les-sapeurs-le-costume-et-la-culture-congolaise\/#primaryimage"},"thumbnailUrl":"https:\/\/timuntutravel.com\/v3\/wp-content\/uploads\/2022\/04\/Capture-de\u0301cran-2022-04-18-a\u0300-16.31.00.png","datePublished":"2022-04-18T14:31:48+00:00","dateModified":"2022-05-26T09:17:49+00:00","breadcrumb":{"@id":"https:\/\/timuntutravel.com\/v3\/les-sapeurs-le-costume-et-la-culture-congolaise\/#breadcrumb"},"inLanguage":"fr-FR","potentialAction":[{"@type":"ReadAction","target":["https:\/\/timuntutravel.com\/v3\/les-sapeurs-le-costume-et-la-culture-congolaise\/"]}]},{"@type":"ImageObject","inLanguage":"fr-FR","@id":"https:\/\/timuntutravel.com\/v3\/les-sapeurs-le-costume-et-la-culture-congolaise\/#primaryimage","url":"https:\/\/timuntutravel.com\/v3\/wp-content\/uploads\/2022\/04\/Capture-de\u0301cran-2022-04-18-a\u0300-16.31.00.png","contentUrl":"https:\/\/timuntutravel.com\/v3\/wp-content\/uploads\/2022\/04\/Capture-de\u0301cran-2022-04-18-a\u0300-16.31.00.png","width":1011,"height":674},{"@type":"BreadcrumbList","@id":"https:\/\/timuntutravel.com\/v3\/les-sapeurs-le-costume-et-la-culture-congolaise\/#breadcrumb","itemListElement":[{"@type":"ListItem","position":1,"name":"Accueil","item":"https:\/\/timuntutravel.com\/v3\/"},{"@type":"ListItem","position":2,"name":"Les sapeurs : Le costume et la culture congolaise"}]},{"@type":"WebSite","@id":"https:\/\/timuntutravel.com\/#website","url":"https:\/\/timuntutravel.com\/","name":"Timuntu Travel","description":"Timuntu Travel","publisher":{"@id":"https:\/\/timuntutravel.com\/#organization"},"potentialAction":[{"@type":"SearchAction","target":{"@type":"EntryPoint","urlTemplate":"https:\/\/timuntutravel.com\/?s={search_term_string}"},"query-input":{"@type":"PropertyValueSpecification","valueRequired":true,"valueName":"search_term_string"}}],"inLanguage":"fr-FR"},{"@type":"Organization","@id":"https:\/\/timuntutravel.com\/#organization","name":"Timuntu Travel","url":"https:\/\/timuntutravel.com\/","logo":{"@type":"ImageObject","inLanguage":"fr-FR","@id":"https:\/\/timuntutravel.com\/#\/schema\/logo\/image\/","url":"https:\/\/timuntutravel.com\/v3\/wp-content\/uploads\/2022\/04\/Original.png","contentUrl":"https:\/\/timuntutravel.com\/v3\/wp-content\/uploads\/2022\/04\/Original.png","width":800,"height":361,"caption":"Timuntu Travel"},"image":{"@id":"https:\/\/timuntutravel.com\/#\/schema\/logo\/image\/"}},{"@type":"Person","@id":"https:\/\/timuntutravel.com\/#\/schema\/person\/3eebc366d63b6708bd114cd7dd3ec0c5","name":"admin_85media","image":{"@type":"ImageObject","inLanguage":"fr-FR","@id":"https:\/\/timuntutravel.com\/#\/schema\/person\/image\/","url":"https:\/\/secure.gravatar.com\/avatar\/adcac1f3a95900ad933a8d9242a4b4f646f8f21746a21986abadb3c7ffd8d02a?s=96&d=mm&r=g","contentUrl":"https:\/\/secure.gravatar.com\/avatar\/adcac1f3a95900ad933a8d9242a4b4f646f8f21746a21986abadb3c7ffd8d02a?s=96&d=mm&r=g","caption":"admin_85media"},"sameAs":["https:\/\/timuntutravel.com\/v3"]}]}},"_links":{"self":[{"href":"https:\/\/timuntutravel.com\/v3\/wp-json\/wp\/v2\/posts\/1779","targetHints":{"allow":["GET"]}}],"collection":[{"href":"https:\/\/timuntutravel.com\/v3\/wp-json\/wp\/v2\/posts"}],"about":[{"href":"https:\/\/timuntutravel.com\/v3\/wp-json\/wp\/v2\/types\/post"}],"author":[{"embeddable":true,"href":"https:\/\/timuntutravel.com\/v3\/wp-json\/wp\/v2\/users\/1"}],"replies":[{"embeddable":true,"href":"https:\/\/timuntutravel.com\/v3\/wp-json\/wp\/v2\/comments?post=1779"}],"version-history":[{"count":5,"href":"https:\/\/timuntutravel.com\/v3\/wp-json\/wp\/v2\/posts\/1779\/revisions"}],"predecessor-version":[{"id":4345,"href":"https:\/\/timuntutravel.com\/v3\/wp-json\/wp\/v2\/posts\/1779\/revisions\/4345"}],"wp:featuredmedia":[{"embeddable":true,"href":"https:\/\/timuntutravel.com\/v3\/wp-json\/wp\/v2\/media\/1780"}],"wp:attachment":[{"href":"https:\/\/timuntutravel.com\/v3\/wp-json\/wp\/v2\/media?parent=1779"}],"wp:term":[{"taxonomy":"category","embeddable":true,"href":"https:\/\/timuntutravel.com\/v3\/wp-json\/wp\/v2\/categories?post=1779"},{"taxonomy":"post_tag","embeddable":true,"href":"https:\/\/timuntutravel.com\/v3\/wp-json\/wp\/v2\/tags?post=1779"}],"curies":[{"name":"wp","href":"https:\/\/api.w.org\/{rel}","templated":true}]}}