{"id":6873,"date":"2024-05-30T09:00:00","date_gmt":"2024-05-30T07:00:00","guid":{"rendered":"https:\/\/timuntutravel.com\/v3\/?p=6873"},"modified":"2024-05-24T18:14:19","modified_gmt":"2024-05-24T16:14:19","slug":"le-lien-intemporel-entre-le-benin-et-haiti-un-voyage-a-travers-lhistoire-et-la-culture","status":"publish","type":"post","link":"https:\/\/timuntutravel.com\/v3\/le-lien-intemporel-entre-le-benin-et-haiti-un-voyage-a-travers-lhistoire-et-la-culture\/","title":{"rendered":"Le Lien Intemporel entre le B\u00e9nin et Ha\u00efti : Un Voyage \u00e0 Travers l&rsquo;Histoire et la Culture"},"content":{"rendered":"\n<p><a href=\"https:\/\/www.lepoint.fr\/afrique\/journee-du-souvenir-de-la-traite-negriere-le-benin-reveille-la-memoire-du-23-aout-1791--23-08-2019-2331340_3826.php#:~:text=HISTOIRE.,Domingue%2C%20l'actuel%20Ha%C3%AFti.&amp;text=La%20porte%20du%20Non%2DRetour%2C%20%C3%A0%20Ouidah.\" data-type=\"link\" data-id=\"https:\/\/www.lepoint.fr\/afrique\/journee-du-souvenir-de-la-traite-negriere-le-benin-reveille-la-memoire-du-23-aout-1791--23-08-2019-2331340_3826.php#:~:text=HISTOIRE.,Domingue%2C%20l'actuel%20Ha%C3%AFti.&amp;text=La%20porte%20du%20Non%2DRetour%2C%20%C3%A0%20Ouidah.\">Le B\u00e9nin et Ha\u00efti<\/a>, malgr\u00e9 les milliers de kilom\u00e8tres qui les s\u00e9parent, partagent un lien historique et culturel profond\u00e9ment enracin\u00e9 dans les vicissitudes de l&rsquo;histoire. Ce lien trouve ses racines dans la trag\u00e9die de la traite transatlantique, o\u00f9 des millions d&rsquo;Africains ont \u00e9t\u00e9 arrach\u00e9s \u00e0 leur terre natale pour \u00eatre vendus comme esclaves dans les plantations des Am\u00e9riques. Le territoire du B\u00e9nin, alors connu sous le nom de Dahomey, \u00e9tait l&rsquo;un des principaux points de d\u00e9part de ces esclaves, qui \u00e9taient destin\u00e9s notamment \u00e0 Ha\u00efti, alors colonie fran\u00e7aise de Saint-Domingue.<\/p>\n\n\n\n<p>Ha\u00efti est le t\u00e9moignage vivant de la lutte et de la r\u00e9sistance des peuples opprim\u00e9s. C&rsquo;est ici qu&rsquo;a eu lieu l&rsquo;une des r\u00e9volutions les plus marquantes de l&rsquo;histoire humaine, men\u00e9e par des esclaves africains qui se sont lib\u00e9r\u00e9s de leurs oppresseurs pour fonder la premi\u00e8re r\u00e9publique noire ind\u00e9pendante en 1804. Cette r\u00e9volution, inspir\u00e9e par les valeurs de libert\u00e9 et de dignit\u00e9 h\u00e9rit\u00e9es des anc\u00eatres b\u00e9ninois, a eu un impact profond sur la conscience mondiale.<\/p>\n\n\n\n<figure class=\"wp-block-image size-large\"><img fetchpriority=\"high\" decoding=\"async\" width=\"1024\" height=\"768\" src=\"https:\/\/timuntutravel.com\/v3\/wp-content\/uploads\/2024\/05\/2022_08_09_10_54_IMG_1153-1024x768.jpg\" alt=\"\" class=\"wp-image-6887\" srcset=\"https:\/\/timuntutravel.com\/v3\/wp-content\/uploads\/2024\/05\/2022_08_09_10_54_IMG_1153-1024x768.jpg 1024w, https:\/\/timuntutravel.com\/v3\/wp-content\/uploads\/2024\/05\/2022_08_09_10_54_IMG_1153-300x225.jpg 300w, https:\/\/timuntutravel.com\/v3\/wp-content\/uploads\/2024\/05\/2022_08_09_10_54_IMG_1153-768x576.jpg 768w, https:\/\/timuntutravel.com\/v3\/wp-content\/uploads\/2024\/05\/2022_08_09_10_54_IMG_1153-1536x1152.jpg 1536w, https:\/\/timuntutravel.com\/v3\/wp-content\/uploads\/2024\/05\/2022_08_09_10_54_IMG_1153-2048x1536.jpg 2048w, https:\/\/timuntutravel.com\/v3\/wp-content\/uploads\/2024\/05\/2022_08_09_10_54_IMG_1153-600x450.jpg 600w, https:\/\/timuntutravel.com\/v3\/wp-content\/uploads\/2024\/05\/2022_08_09_10_54_IMG_1153-120x90.jpg 120w\" sizes=\"(max-width: 1024px) 100vw, 1024px\" \/><\/figure>\n\n\n\n<p>L&rsquo;influence culturelle du B\u00e9nin est palpable \u00e0 travers les rues anim\u00e9es d&rsquo;Ha\u00efti. Des pratiques religieuses aux expressions artistiques en passant par la cuisine et la musique, les traces de l&rsquo;histoire b\u00e9ninoise sont omnipr\u00e9sentes dans la vie quotidienne des Ha\u00eftiens. Le vodun, une religion largement pratiqu\u00e9e en Ha\u00efti, trouve ses racines dans les croyances et les rituels des peuples fon et ewe du B\u00e9nin, t\u00e9moignant ainsi de la persistance des liens culturels malgr\u00e9 les si\u00e8cles d&rsquo;\u00e9loignement g\u00e9ographique.<\/p>\n\n\n\n<p>Pour de nombreux Ha\u00eftiens, le B\u00e9nin repr\u00e9sente bien plus qu&rsquo;une simple terre ancestrale lointaine. C&rsquo;est un lien vital avec leurs racines africaines, une connexion profonde avec leur identit\u00e9 et leur histoire. Les voyages de retour au B\u00e9nin, souvent appel\u00e9s \u00ab\u00a0p\u00e8lerinages ancestraux\u00a0\u00bb, sont devenus des rites de passage pour ceux qui cherchent \u00e0 renouer avec leur h\u00e9ritage culturel et spirituel.<\/p>\n\n\n\n<figure class=\"wp-block-image size-large\"><img decoding=\"async\" width=\"1024\" height=\"768\" src=\"https:\/\/timuntutravel.com\/v3\/wp-content\/uploads\/2024\/05\/2022_08_09_10_44_IMG_1128-1024x768.jpg\" alt=\"\" class=\"wp-image-6888\" srcset=\"https:\/\/timuntutravel.com\/v3\/wp-content\/uploads\/2024\/05\/2022_08_09_10_44_IMG_1128-1024x768.jpg 1024w, https:\/\/timuntutravel.com\/v3\/wp-content\/uploads\/2024\/05\/2022_08_09_10_44_IMG_1128-300x225.jpg 300w, https:\/\/timuntutravel.com\/v3\/wp-content\/uploads\/2024\/05\/2022_08_09_10_44_IMG_1128-768x576.jpg 768w, https:\/\/timuntutravel.com\/v3\/wp-content\/uploads\/2024\/05\/2022_08_09_10_44_IMG_1128-1536x1152.jpg 1536w, https:\/\/timuntutravel.com\/v3\/wp-content\/uploads\/2024\/05\/2022_08_09_10_44_IMG_1128-2048x1536.jpg 2048w, https:\/\/timuntutravel.com\/v3\/wp-content\/uploads\/2024\/05\/2022_08_09_10_44_IMG_1128-600x450.jpg 600w, https:\/\/timuntutravel.com\/v3\/wp-content\/uploads\/2024\/05\/2022_08_09_10_44_IMG_1128-120x90.jpg 120w\" sizes=\"(max-width: 1024px) 100vw, 1024px\" \/><\/figure>\n\n\n\n<p>Au-del\u00e0 des fronti\u00e8res et des oc\u00e9ans, le B\u00e9nin et Ha\u00efti continuent de tisser des liens \u00e9troits dans les domaines de la diplomatie, du commerce et de la coop\u00e9ration culturelle. Ces nations, conscientes de leur h\u00e9ritage commun, travaillent ensemble pour construire un avenir de prosp\u00e9rit\u00e9 et de solidarit\u00e9. \u00c0 travers les \u00e9changes culturels, les partenariats \u00e9conomiques et les initiatives de d\u00e9veloppement, elles c\u00e9l\u00e8brent leur pass\u00e9 tout en embrassant les opportunit\u00e9s de demain.<\/p>\n\n\n\n<p>Dans cette histoire partag\u00e9e, une figure embl\u00e9matique se distingue : <a href=\"https:\/\/www.musee-armee.fr\/collections\/ressources\/heroines-et-heros-histoire\/toussaint-louverture.html\" data-type=\"link\" data-id=\"https:\/\/www.musee-armee.fr\/collections\/ressources\/heroines-et-heros-histoire\/toussaint-louverture.html\">Toussaint Louverture<\/a>. N\u00e9 \u00e0 Saint-Domingue, il incarne la lutte pour la libert\u00e9 et la dignit\u00e9. Inspir\u00e9 par les id\u00e9aux de justice et de r\u00e9sistance, ses racines plongeaient dans les terres du Dahomey, o\u00f9 r\u00e9sonnaient les \u00e9chos de la r\u00e9sistance africaine \u00e0 la traite transatlantique. Louverture a consolid\u00e9 les aspirations des Ha\u00eftiens \u00e0 l&rsquo;autonomie et \u00e0 la dignit\u00e9, laissant un h\u00e9ritage qui transcende le temps, rappelant aux deux nations leur qu\u00eate commune pour la justice et la libert\u00e9.<\/p>\n\n\n\n<p><a href=\"https:\/\/www.lemonde.fr\/afrique\/article\/2018\/01\/17\/certains-arbres-au-benin-portaient-des-signes-laisses-par-les-esclaves_5243025_3212.html\" data-type=\"link\" data-id=\"https:\/\/www.lemonde.fr\/afrique\/article\/2018\/01\/17\/certains-arbres-au-benin-portaient-des-signes-laisses-par-les-esclaves_5243025_3212.html\">Le lien entre le B\u00e9nin et Ha\u00efti<\/a> est bien plus qu&rsquo;une simple co\u00efncidence historique. C&rsquo;est un r\u00e9cit vivant de r\u00e9silience, de r\u00e9bellion et de r\u00e9conciliation, qui continue d&rsquo;inspirer les g\u00e9n\u00e9rations \u00e0 travers les continents. Dans cette symphonie de cultures et d&rsquo;histoires entrelac\u00e9es, le B\u00e9nin et Ha\u00efti demeurent des partenaires indissociables, unis par un h\u00e9ritage commun et une vision partag\u00e9e de l&rsquo;avenir.<\/p>\n\n\n\n<p><\/p>\n","protected":false},"excerpt":{"rendered":"<p>Le B\u00e9nin et Ha\u00efti, malgr\u00e9 les milliers de kilom\u00e8tres qui les s\u00e9parent, partagent un lien historique et culturel profond\u00e9ment enracin\u00e9 dans les vicissitudes de l&rsquo;histoire. Ce lien trouve ses racines dans la trag\u00e9die de la traite transatlantique, o\u00f9 des millions d&rsquo;Africains ont \u00e9t\u00e9 arrach\u00e9s \u00e0 leur terre natale pour \u00eatre vendus comme esclaves dans les [&hellip;]<\/p>\n","protected":false},"author":4,"featured_media":6886,"comment_status":"closed","ping_status":"open","sticky":false,"template":"","format":"standard","meta":{"_acf_changed":false,"_jet_sm_ready_style":"","_jet_sm_style":"","_jet_sm_controls_values":"","_jet_sm_fonts_collection":"","_jet_sm_fonts_links":"","footnotes":""},"categories":[1],"tags":[232],"class_list":["post-6873","post","type-post","status-publish","format-standard","has-post-thumbnail","hentry","category-uncategorized","tag-blog"],"acf":[],"yoast_head":"<!-- This site is optimized with the Yoast SEO plugin v25.4 - https:\/\/yoast.com\/wordpress\/plugins\/seo\/ -->\n<title>Le Lien Intemporel entre le B\u00e9nin et Ha\u00efti : Un Voyage \u00e0 Travers l&#039;Histoire et la Culture - Timuntu Travel<\/title>\n<meta name=\"robots\" content=\"index, follow, max-snippet:-1, max-image-preview:large, max-video-preview:-1\" \/>\n<link rel=\"canonical\" href=\"https:\/\/timuntutravel.com\/v3\/le-lien-intemporel-entre-le-benin-et-haiti-un-voyage-a-travers-lhistoire-et-la-culture\/\" \/>\n<meta property=\"og:locale\" content=\"fr_FR\" \/>\n<meta property=\"og:type\" content=\"article\" \/>\n<meta property=\"og:title\" content=\"Le Lien Intemporel entre le B\u00e9nin et Ha\u00efti : Un Voyage \u00e0 Travers l&#039;Histoire et la Culture - Timuntu Travel\" \/>\n<meta property=\"og:description\" content=\"Le B\u00e9nin et Ha\u00efti, malgr\u00e9 les milliers de kilom\u00e8tres qui les s\u00e9parent, partagent un lien historique et culturel profond\u00e9ment enracin\u00e9 dans les vicissitudes de l&rsquo;histoire. Ce lien trouve ses racines dans la trag\u00e9die de la traite transatlantique, o\u00f9 des millions d&rsquo;Africains ont \u00e9t\u00e9 arrach\u00e9s \u00e0 leur terre natale pour \u00eatre vendus comme esclaves dans les [&hellip;]\" \/>\n<meta property=\"og:url\" content=\"https:\/\/timuntutravel.com\/v3\/le-lien-intemporel-entre-le-benin-et-haiti-un-voyage-a-travers-lhistoire-et-la-culture\/\" \/>\n<meta property=\"og:site_name\" content=\"Timuntu Travel\" \/>\n<meta property=\"article:published_time\" content=\"2024-05-30T07:00:00+00:00\" \/>\n<meta property=\"og:image\" content=\"https:\/\/timuntutravel.com\/v3\/wp-content\/uploads\/2024\/05\/P1050453-scaled.jpg\" \/>\n\t<meta property=\"og:image:width\" content=\"2560\" \/>\n\t<meta property=\"og:image:height\" content=\"1920\" \/>\n\t<meta property=\"og:image:type\" content=\"image\/jpeg\" \/>\n<meta name=\"author\" content=\"Rille\" \/>\n<meta name=\"twitter:card\" content=\"summary_large_image\" \/>\n<meta name=\"twitter:label1\" content=\"\u00c9crit par\" \/>\n\t<meta name=\"twitter:data1\" content=\"Rille\" \/>\n\t<meta name=\"twitter:label2\" content=\"Dur\u00e9e de lecture estim\u00e9e\" \/>\n\t<meta name=\"twitter:data2\" content=\"3 minutes\" \/>\n<script type=\"application\/ld+json\" class=\"yoast-schema-graph\">{\"@context\":\"https:\/\/schema.org\",\"@graph\":[{\"@type\":\"Article\",\"@id\":\"https:\/\/timuntutravel.com\/v3\/le-lien-intemporel-entre-le-benin-et-haiti-un-voyage-a-travers-lhistoire-et-la-culture\/#article\",\"isPartOf\":{\"@id\":\"https:\/\/timuntutravel.com\/v3\/le-lien-intemporel-entre-le-benin-et-haiti-un-voyage-a-travers-lhistoire-et-la-culture\/\"},\"author\":{\"name\":\"Rille\",\"@id\":\"https:\/\/timuntutravel.com\/#\/schema\/person\/8c025aac98a726185eeddfca9cef91da\"},\"headline\":\"Le Lien Intemporel entre le B\u00e9nin et Ha\u00efti : Un Voyage \u00e0 Travers l&rsquo;Histoire et la Culture\",\"datePublished\":\"2024-05-30T07:00:00+00:00\",\"mainEntityOfPage\":{\"@id\":\"https:\/\/timuntutravel.com\/v3\/le-lien-intemporel-entre-le-benin-et-haiti-un-voyage-a-travers-lhistoire-et-la-culture\/\"},\"wordCount\":607,\"publisher\":{\"@id\":\"https:\/\/timuntutravel.com\/#organization\"},\"image\":{\"@id\":\"https:\/\/timuntutravel.com\/v3\/le-lien-intemporel-entre-le-benin-et-haiti-un-voyage-a-travers-lhistoire-et-la-culture\/#primaryimage\"},\"thumbnailUrl\":\"https:\/\/timuntutravel.com\/v3\/wp-content\/uploads\/2024\/05\/P1050453-scaled.jpg\",\"keywords\":[\"blog\"],\"articleSection\":[\"Uncategorized\"],\"inLanguage\":\"fr-FR\"},{\"@type\":\"WebPage\",\"@id\":\"https:\/\/timuntutravel.com\/v3\/le-lien-intemporel-entre-le-benin-et-haiti-un-voyage-a-travers-lhistoire-et-la-culture\/\",\"url\":\"https:\/\/timuntutravel.com\/v3\/le-lien-intemporel-entre-le-benin-et-haiti-un-voyage-a-travers-lhistoire-et-la-culture\/\",\"name\":\"Le Lien Intemporel entre le B\u00e9nin et Ha\u00efti : Un Voyage \u00e0 Travers l'Histoire et la Culture - Timuntu Travel\",\"isPartOf\":{\"@id\":\"https:\/\/timuntutravel.com\/#website\"},\"primaryImageOfPage\":{\"@id\":\"https:\/\/timuntutravel.com\/v3\/le-lien-intemporel-entre-le-benin-et-haiti-un-voyage-a-travers-lhistoire-et-la-culture\/#primaryimage\"},\"image\":{\"@id\":\"https:\/\/timuntutravel.com\/v3\/le-lien-intemporel-entre-le-benin-et-haiti-un-voyage-a-travers-lhistoire-et-la-culture\/#primaryimage\"},\"thumbnailUrl\":\"https:\/\/timuntutravel.com\/v3\/wp-content\/uploads\/2024\/05\/P1050453-scaled.jpg\",\"datePublished\":\"2024-05-30T07:00:00+00:00\",\"breadcrumb\":{\"@id\":\"https:\/\/timuntutravel.com\/v3\/le-lien-intemporel-entre-le-benin-et-haiti-un-voyage-a-travers-lhistoire-et-la-culture\/#breadcrumb\"},\"inLanguage\":\"fr-FR\",\"potentialAction\":[{\"@type\":\"ReadAction\",\"target\":[\"https:\/\/timuntutravel.com\/v3\/le-lien-intemporel-entre-le-benin-et-haiti-un-voyage-a-travers-lhistoire-et-la-culture\/\"]}]},{\"@type\":\"ImageObject\",\"inLanguage\":\"fr-FR\",\"@id\":\"https:\/\/timuntutravel.com\/v3\/le-lien-intemporel-entre-le-benin-et-haiti-un-voyage-a-travers-lhistoire-et-la-culture\/#primaryimage\",\"url\":\"https:\/\/timuntutravel.com\/v3\/wp-content\/uploads\/2024\/05\/P1050453-scaled.jpg\",\"contentUrl\":\"https:\/\/timuntutravel.com\/v3\/wp-content\/uploads\/2024\/05\/P1050453-scaled.jpg\",\"width\":2560,\"height\":1920},{\"@type\":\"BreadcrumbList\",\"@id\":\"https:\/\/timuntutravel.com\/v3\/le-lien-intemporel-entre-le-benin-et-haiti-un-voyage-a-travers-lhistoire-et-la-culture\/#breadcrumb\",\"itemListElement\":[{\"@type\":\"ListItem\",\"position\":1,\"name\":\"Accueil\",\"item\":\"https:\/\/timuntutravel.com\/v3\/\"},{\"@type\":\"ListItem\",\"position\":2,\"name\":\"Le Lien Intemporel entre le B\u00e9nin et Ha\u00efti : Un Voyage \u00e0 Travers l&rsquo;Histoire et la Culture\"}]},{\"@type\":\"WebSite\",\"@id\":\"https:\/\/timuntutravel.com\/#website\",\"url\":\"https:\/\/timuntutravel.com\/\",\"name\":\"Timuntu Travel\",\"description\":\"Timuntu Travel\",\"publisher\":{\"@id\":\"https:\/\/timuntutravel.com\/#organization\"},\"potentialAction\":[{\"@type\":\"SearchAction\",\"target\":{\"@type\":\"EntryPoint\",\"urlTemplate\":\"https:\/\/timuntutravel.com\/?s={search_term_string}\"},\"query-input\":{\"@type\":\"PropertyValueSpecification\",\"valueRequired\":true,\"valueName\":\"search_term_string\"}}],\"inLanguage\":\"fr-FR\"},{\"@type\":\"Organization\",\"@id\":\"https:\/\/timuntutravel.com\/#organization\",\"name\":\"Timuntu Travel\",\"url\":\"https:\/\/timuntutravel.com\/\",\"logo\":{\"@type\":\"ImageObject\",\"inLanguage\":\"fr-FR\",\"@id\":\"https:\/\/timuntutravel.com\/#\/schema\/logo\/image\/\",\"url\":\"https:\/\/timuntutravel.com\/v3\/wp-content\/uploads\/2022\/04\/Original.png\",\"contentUrl\":\"https:\/\/timuntutravel.com\/v3\/wp-content\/uploads\/2022\/04\/Original.png\",\"width\":800,\"height\":361,\"caption\":\"Timuntu Travel\"},\"image\":{\"@id\":\"https:\/\/timuntutravel.com\/#\/schema\/logo\/image\/\"}},{\"@type\":\"Person\",\"@id\":\"https:\/\/timuntutravel.com\/#\/schema\/person\/8c025aac98a726185eeddfca9cef91da\",\"name\":\"Rille\",\"image\":{\"@type\":\"ImageObject\",\"inLanguage\":\"fr-FR\",\"@id\":\"https:\/\/timuntutravel.com\/#\/schema\/person\/image\/\",\"url\":\"https:\/\/secure.gravatar.com\/avatar\/db84b47a60e88ebf43497a6487897b4931f1d9d09846c673d10a6dc8d3bbe399?s=96&d=mm&r=g\",\"contentUrl\":\"https:\/\/secure.gravatar.com\/avatar\/db84b47a60e88ebf43497a6487897b4931f1d9d09846c673d10a6dc8d3bbe399?s=96&d=mm&r=g\",\"caption\":\"Rille\"}}]}<\/script>\n<!-- \/ Yoast SEO plugin. -->","yoast_head_json":{"title":"Le Lien Intemporel entre le B\u00e9nin et Ha\u00efti : Un Voyage \u00e0 Travers l'Histoire et la Culture - Timuntu Travel","robots":{"index":"index","follow":"follow","max-snippet":"max-snippet:-1","max-image-preview":"max-image-preview:large","max-video-preview":"max-video-preview:-1"},"canonical":"https:\/\/timuntutravel.com\/v3\/le-lien-intemporel-entre-le-benin-et-haiti-un-voyage-a-travers-lhistoire-et-la-culture\/","og_locale":"fr_FR","og_type":"article","og_title":"Le Lien Intemporel entre le B\u00e9nin et Ha\u00efti : Un Voyage \u00e0 Travers l'Histoire et la Culture - Timuntu Travel","og_description":"Le B\u00e9nin et Ha\u00efti, malgr\u00e9 les milliers de kilom\u00e8tres qui les s\u00e9parent, partagent un lien historique et culturel profond\u00e9ment enracin\u00e9 dans les vicissitudes de l&rsquo;histoire. Ce lien trouve ses racines dans la trag\u00e9die de la traite transatlantique, o\u00f9 des millions d&rsquo;Africains ont \u00e9t\u00e9 arrach\u00e9s \u00e0 leur terre natale pour \u00eatre vendus comme esclaves dans les [&hellip;]","og_url":"https:\/\/timuntutravel.com\/v3\/le-lien-intemporel-entre-le-benin-et-haiti-un-voyage-a-travers-lhistoire-et-la-culture\/","og_site_name":"Timuntu Travel","article_published_time":"2024-05-30T07:00:00+00:00","og_image":[{"width":2560,"height":1920,"url":"https:\/\/timuntutravel.com\/v3\/wp-content\/uploads\/2024\/05\/P1050453-scaled.jpg","type":"image\/jpeg"}],"author":"Rille","twitter_card":"summary_large_image","twitter_misc":{"\u00c9crit par":"Rille","Dur\u00e9e de lecture estim\u00e9e":"3 minutes"},"schema":{"@context":"https:\/\/schema.org","@graph":[{"@type":"Article","@id":"https:\/\/timuntutravel.com\/v3\/le-lien-intemporel-entre-le-benin-et-haiti-un-voyage-a-travers-lhistoire-et-la-culture\/#article","isPartOf":{"@id":"https:\/\/timuntutravel.com\/v3\/le-lien-intemporel-entre-le-benin-et-haiti-un-voyage-a-travers-lhistoire-et-la-culture\/"},"author":{"name":"Rille","@id":"https:\/\/timuntutravel.com\/#\/schema\/person\/8c025aac98a726185eeddfca9cef91da"},"headline":"Le Lien Intemporel entre le B\u00e9nin et Ha\u00efti : Un Voyage \u00e0 Travers l&rsquo;Histoire et la Culture","datePublished":"2024-05-30T07:00:00+00:00","mainEntityOfPage":{"@id":"https:\/\/timuntutravel.com\/v3\/le-lien-intemporel-entre-le-benin-et-haiti-un-voyage-a-travers-lhistoire-et-la-culture\/"},"wordCount":607,"publisher":{"@id":"https:\/\/timuntutravel.com\/#organization"},"image":{"@id":"https:\/\/timuntutravel.com\/v3\/le-lien-intemporel-entre-le-benin-et-haiti-un-voyage-a-travers-lhistoire-et-la-culture\/#primaryimage"},"thumbnailUrl":"https:\/\/timuntutravel.com\/v3\/wp-content\/uploads\/2024\/05\/P1050453-scaled.jpg","keywords":["blog"],"articleSection":["Uncategorized"],"inLanguage":"fr-FR"},{"@type":"WebPage","@id":"https:\/\/timuntutravel.com\/v3\/le-lien-intemporel-entre-le-benin-et-haiti-un-voyage-a-travers-lhistoire-et-la-culture\/","url":"https:\/\/timuntutravel.com\/v3\/le-lien-intemporel-entre-le-benin-et-haiti-un-voyage-a-travers-lhistoire-et-la-culture\/","name":"Le Lien Intemporel entre le B\u00e9nin et Ha\u00efti : Un Voyage \u00e0 Travers l'Histoire et la Culture - Timuntu Travel","isPartOf":{"@id":"https:\/\/timuntutravel.com\/#website"},"primaryImageOfPage":{"@id":"https:\/\/timuntutravel.com\/v3\/le-lien-intemporel-entre-le-benin-et-haiti-un-voyage-a-travers-lhistoire-et-la-culture\/#primaryimage"},"image":{"@id":"https:\/\/timuntutravel.com\/v3\/le-lien-intemporel-entre-le-benin-et-haiti-un-voyage-a-travers-lhistoire-et-la-culture\/#primaryimage"},"thumbnailUrl":"https:\/\/timuntutravel.com\/v3\/wp-content\/uploads\/2024\/05\/P1050453-scaled.jpg","datePublished":"2024-05-30T07:00:00+00:00","breadcrumb":{"@id":"https:\/\/timuntutravel.com\/v3\/le-lien-intemporel-entre-le-benin-et-haiti-un-voyage-a-travers-lhistoire-et-la-culture\/#breadcrumb"},"inLanguage":"fr-FR","potentialAction":[{"@type":"ReadAction","target":["https:\/\/timuntutravel.com\/v3\/le-lien-intemporel-entre-le-benin-et-haiti-un-voyage-a-travers-lhistoire-et-la-culture\/"]}]},{"@type":"ImageObject","inLanguage":"fr-FR","@id":"https:\/\/timuntutravel.com\/v3\/le-lien-intemporel-entre-le-benin-et-haiti-un-voyage-a-travers-lhistoire-et-la-culture\/#primaryimage","url":"https:\/\/timuntutravel.com\/v3\/wp-content\/uploads\/2024\/05\/P1050453-scaled.jpg","contentUrl":"https:\/\/timuntutravel.com\/v3\/wp-content\/uploads\/2024\/05\/P1050453-scaled.jpg","width":2560,"height":1920},{"@type":"BreadcrumbList","@id":"https:\/\/timuntutravel.com\/v3\/le-lien-intemporel-entre-le-benin-et-haiti-un-voyage-a-travers-lhistoire-et-la-culture\/#breadcrumb","itemListElement":[{"@type":"ListItem","position":1,"name":"Accueil","item":"https:\/\/timuntutravel.com\/v3\/"},{"@type":"ListItem","position":2,"name":"Le Lien Intemporel entre le B\u00e9nin et Ha\u00efti : Un Voyage \u00e0 Travers l&rsquo;Histoire et la Culture"}]},{"@type":"WebSite","@id":"https:\/\/timuntutravel.com\/#website","url":"https:\/\/timuntutravel.com\/","name":"Timuntu Travel","description":"Timuntu Travel","publisher":{"@id":"https:\/\/timuntutravel.com\/#organization"},"potentialAction":[{"@type":"SearchAction","target":{"@type":"EntryPoint","urlTemplate":"https:\/\/timuntutravel.com\/?s={search_term_string}"},"query-input":{"@type":"PropertyValueSpecification","valueRequired":true,"valueName":"search_term_string"}}],"inLanguage":"fr-FR"},{"@type":"Organization","@id":"https:\/\/timuntutravel.com\/#organization","name":"Timuntu Travel","url":"https:\/\/timuntutravel.com\/","logo":{"@type":"ImageObject","inLanguage":"fr-FR","@id":"https:\/\/timuntutravel.com\/#\/schema\/logo\/image\/","url":"https:\/\/timuntutravel.com\/v3\/wp-content\/uploads\/2022\/04\/Original.png","contentUrl":"https:\/\/timuntutravel.com\/v3\/wp-content\/uploads\/2022\/04\/Original.png","width":800,"height":361,"caption":"Timuntu Travel"},"image":{"@id":"https:\/\/timuntutravel.com\/#\/schema\/logo\/image\/"}},{"@type":"Person","@id":"https:\/\/timuntutravel.com\/#\/schema\/person\/8c025aac98a726185eeddfca9cef91da","name":"Rille","image":{"@type":"ImageObject","inLanguage":"fr-FR","@id":"https:\/\/timuntutravel.com\/#\/schema\/person\/image\/","url":"https:\/\/secure.gravatar.com\/avatar\/db84b47a60e88ebf43497a6487897b4931f1d9d09846c673d10a6dc8d3bbe399?s=96&d=mm&r=g","contentUrl":"https:\/\/secure.gravatar.com\/avatar\/db84b47a60e88ebf43497a6487897b4931f1d9d09846c673d10a6dc8d3bbe399?s=96&d=mm&r=g","caption":"Rille"}}]}},"_links":{"self":[{"href":"https:\/\/timuntutravel.com\/v3\/wp-json\/wp\/v2\/posts\/6873","targetHints":{"allow":["GET"]}}],"collection":[{"href":"https:\/\/timuntutravel.com\/v3\/wp-json\/wp\/v2\/posts"}],"about":[{"href":"https:\/\/timuntutravel.com\/v3\/wp-json\/wp\/v2\/types\/post"}],"author":[{"embeddable":true,"href":"https:\/\/timuntutravel.com\/v3\/wp-json\/wp\/v2\/users\/4"}],"replies":[{"embeddable":true,"href":"https:\/\/timuntutravel.com\/v3\/wp-json\/wp\/v2\/comments?post=6873"}],"version-history":[{"count":5,"href":"https:\/\/timuntutravel.com\/v3\/wp-json\/wp\/v2\/posts\/6873\/revisions"}],"predecessor-version":[{"id":6894,"href":"https:\/\/timuntutravel.com\/v3\/wp-json\/wp\/v2\/posts\/6873\/revisions\/6894"}],"wp:featuredmedia":[{"embeddable":true,"href":"https:\/\/timuntutravel.com\/v3\/wp-json\/wp\/v2\/media\/6886"}],"wp:attachment":[{"href":"https:\/\/timuntutravel.com\/v3\/wp-json\/wp\/v2\/media?parent=6873"}],"wp:term":[{"taxonomy":"category","embeddable":true,"href":"https:\/\/timuntutravel.com\/v3\/wp-json\/wp\/v2\/categories?post=6873"},{"taxonomy":"post_tag","embeddable":true,"href":"https:\/\/timuntutravel.com\/v3\/wp-json\/wp\/v2\/tags?post=6873"}],"curies":[{"name":"wp","href":"https:\/\/api.w.org\/{rel}","templated":true}]}}