{"id":6930,"date":"2024-05-24T17:21:36","date_gmt":"2024-05-24T15:21:36","guid":{"rendered":"https:\/\/timuntutravel.com\/v3\/?p=6930"},"modified":"2024-05-24T18:23:06","modified_gmt":"2024-05-24T16:23:06","slug":"mere-jah-une-figure-emblematique-de-lagroecologie-et-du-panafricanisme","status":"publish","type":"post","link":"https:\/\/timuntutravel.com\/v3\/mere-jah-une-figure-emblematique-de-lagroecologie-et-du-panafricanisme\/","title":{"rendered":"M\u00e8re Jah : une figure embl\u00e9matique de l&rsquo;Agro\u00e9cologie et du Panafricanisme"},"content":{"rendered":"\n<p class=\"has-text-align-justify\">La nouvelle de la disparition de M\u00e8re Jah, connue \u00e0 l\u2019\u00e9tat civil sous le nom de Ngoumou Edima Jah Evejah, a suscit\u00e9 une vive \u00e9motion \u00e0 travers le monde. D\u00e9c\u00e9d\u00e9e le 26 avril 2024 \u00e0 Ouidah, au B\u00e9nin, M\u00e8re Jah laisse derri\u00e8re elle un h\u00e9ritage ind\u00e9l\u00e9bile en mati\u00e8re d\u2019agro\u00e9cologie et de panafricanisme.<\/p>\n\n\n\n<p class=\"has-text-align-justify\">N\u00e9e le 14 f\u00e9vrier 1950 \u00e0 Mfounassi (Yaound\u00e9) au Cameroun, et d&rsquo;origine guadeloup\u00e9enne, M\u00e8re Jah s&rsquo;est install\u00e9e au B\u00e9nin en 1997 avec sa famille. Cette installation marquait le d\u00e9but d&rsquo;une mission claire : contribuer au d\u00e9veloppement durable du continent africain. Avec son \u00e9poux, P\u00e8re Jah, elle a cr\u00e9\u00e9 la Sph\u00e8re Jah \u00e0 Ahozon, dans la commune de Ouidah. Leur domaine, situ\u00e9 sur un terrain conc\u00e9d\u00e9 par l\u2019\u00c9tat b\u00e9ninois, est devenu un centre de r\u00e9f\u00e9rence pour l\u2019agro\u00e9cologie, le CEVASTE (Centre d\u2019Exp\u00e9rimentation de Valorisation de l\u2019Agro\u00e9cologie, des Sciences et Techniques Endog\u00e8nes).<\/p>\n\n\n\n<p class=\"has-text-align-justify\">M\u00e8re Jah a consacr\u00e9 une grande partie de sa vie \u00e0 la promotion de pratiques agricoles respectueuses de l\u2019environnement. \u00c0 travers le CEVASTE, elle a sensibilis\u00e9 les agriculteurs locaux aux techniques culturales endog\u00e8nes, \u00e9vitant les pesticides et les engrais chimiques pour privil\u00e9gier une agriculture biologique. Ses initiatives visaient \u00e0 restaurer et pr\u00e9server les terres, assurant une production agricole durable et respectueuse de la nature.<\/p>\n\n\n\n<figure class=\"wp-block-image size-large\"><img fetchpriority=\"high\" decoding=\"async\" width=\"1024\" height=\"682\" src=\"https:\/\/timuntutravel.com\/v3\/wp-content\/uploads\/2024\/05\/MERE-JAH-2-1024x682.jpg\" alt=\"\" class=\"wp-image-6933\" srcset=\"https:\/\/timuntutravel.com\/v3\/wp-content\/uploads\/2024\/05\/MERE-JAH-2-1024x682.jpg 1024w, https:\/\/timuntutravel.com\/v3\/wp-content\/uploads\/2024\/05\/MERE-JAH-2-300x200.jpg 300w, https:\/\/timuntutravel.com\/v3\/wp-content\/uploads\/2024\/05\/MERE-JAH-2-768x511.jpg 768w, https:\/\/timuntutravel.com\/v3\/wp-content\/uploads\/2024\/05\/MERE-JAH-2-600x399.jpg 600w, https:\/\/timuntutravel.com\/v3\/wp-content\/uploads\/2024\/05\/MERE-JAH-2-135x90.jpg 135w, https:\/\/timuntutravel.com\/v3\/wp-content\/uploads\/2024\/05\/MERE-JAH-2.jpg 1280w\" sizes=\"(max-width: 1024px) 100vw, 1024px\" \/><\/figure>\n\n\n\n<p class=\"has-text-align-justify\">Parall\u00e8lement \u00e0 ses activit\u00e9s agro \u00e9cologiques, M\u00e8re Jah a fond\u00e9 l\u2019Ecolojah, une \u00e9cole primaire sociale et humanitaire. Situ\u00e9e au c\u0153ur de la nature, l\u2019\u00e9cole accueille entre 100 et 200 enfants par an, principalement des orphelins ou des enfants issus de familles d\u00e9munies. Au-del\u00e0 du programme national, les \u00e9l\u00e8ves y apprennent l\u2019agro\u00e9cologie, l\u2019artisanat d\u2019art utilitaire et la transformation agroalimentaire. L\u2019enseignement de l\u2019histoire panafricaniste est \u00e9galement un pilier de cette institution, avec des cours sur des figures telles que Patrice Lumumba, Thomas Sankara, Malcolm X, et Nelson Mandela.<\/p>\n\n\n\n<p class=\"has-text-align-justify\">M\u00e8re Jah \u00e9tait \u00e9galement une militante panafricaniste. Elle croyait en un avenir uni et prosp\u00e8re pour l\u2019Afrique, vision qu&rsquo;elle a int\u00e9gr\u00e9e dans l\u2019\u00e9ducation des jeunes g\u00e9n\u00e9rations \u00e0 travers l&rsquo;Ecolojah. Les enfants y apprennent non seulement \u00e0 respecter et valoriser leur environnement, mais aussi \u00e0 conna\u00eetre et honorer l\u2019histoire et les luttes des grands leaders africains et afro-descendants.<\/p>\n\n\n\n<p class=\"has-text-align-justify\">En tant que figure du mouvement rastafari, M\u00e8re Jah et sa famille incarnaient le retour aux racines africaines, un principe fondamental pour les descendants de la diaspora africaine. Leur retour en Afrique et leur engagement pour le d\u00e9veloppement durable et la justice sociale sont un t\u00e9moignage vivant de cette philosophie. <a href=\"https:\/\/www.bing.com\/videos\/riverview\/relatedvideo?q=P%c3%a8re+et+mere+jah+au+b%c3%a9nin&amp;mid=BF4064904FE50450DC72BF4064904FE50450DC72&amp;FORM=VIRE\">D\u00e9couvre ici son parcours atypique et puissant. <\/a><\/p>\n\n\n\n<p class=\"has-text-align-justify\">\u00c0 74 ans, M\u00e8re Jah quitte ce monde avec un sentiment de devoir accompli. Sa contribution \u00e0 une alimentation saine et \u00e9cologique, ainsi qu&rsquo;\u00e0 l\u2019\u00e9ducation des jeunes g\u00e9n\u00e9rations sur l&rsquo;importance de la nature et du panafricanisme, restera grav\u00e9e dans les m\u00e9moires. La reconnaissance et la gratitude exprim\u00e9es par le peuple b\u00e9ninois et les admirateurs du monde entier d\u00e8s l\u2019annonce de son d\u00e9c\u00e8s en t\u00e9moignent.<\/p>\n\n\n\n<figure class=\"wp-block-image size-large\"><img decoding=\"async\" width=\"1024\" height=\"682\" src=\"https:\/\/timuntutravel.com\/v3\/wp-content\/uploads\/2024\/05\/WhatsApp-Image-2024-05-24-at-15.54.59_0549c30a-1024x682.jpg\" alt=\"\" class=\"wp-image-6935\" srcset=\"https:\/\/timuntutravel.com\/v3\/wp-content\/uploads\/2024\/05\/WhatsApp-Image-2024-05-24-at-15.54.59_0549c30a-1024x682.jpg 1024w, https:\/\/timuntutravel.com\/v3\/wp-content\/uploads\/2024\/05\/WhatsApp-Image-2024-05-24-at-15.54.59_0549c30a-300x200.jpg 300w, https:\/\/timuntutravel.com\/v3\/wp-content\/uploads\/2024\/05\/WhatsApp-Image-2024-05-24-at-15.54.59_0549c30a-768x511.jpg 768w, https:\/\/timuntutravel.com\/v3\/wp-content\/uploads\/2024\/05\/WhatsApp-Image-2024-05-24-at-15.54.59_0549c30a-600x399.jpg 600w, https:\/\/timuntutravel.com\/v3\/wp-content\/uploads\/2024\/05\/WhatsApp-Image-2024-05-24-at-15.54.59_0549c30a-135x90.jpg 135w, https:\/\/timuntutravel.com\/v3\/wp-content\/uploads\/2024\/05\/WhatsApp-Image-2024-05-24-at-15.54.59_0549c30a.jpg 1280w\" sizes=\"(max-width: 1024px) 100vw, 1024px\" \/><\/figure>\n\n\n\n<p class=\"has-text-align-justify\">M\u00e8re Jah laisse derri\u00e8re elle une famille engag\u00e9e et une communaut\u00e9 d\u2019admirateurs d\u00e9termin\u00e9s \u00e0 poursuivre son combat pour un monde plus juste et durable. Son \u0153uvre continue d\u2019inspirer et de guider ceux qui luttent pour la protection de l\u2019environnement et l\u2019unit\u00e9 africaine. Nous sommes chanceux d&rsquo;avoir eu l&rsquo;opportunit\u00e9 de croiser son chemin. Continuons les actions qu&rsquo;elle a fi\u00e8rement men\u00e9es. <\/p>\n\n\n\n<p>Que ton \u00e2me repose en paix maman !<\/p>\n","protected":false},"excerpt":{"rendered":"<p>La nouvelle de la disparition de M\u00e8re Jah, connue \u00e0 l\u2019\u00e9tat civil sous le nom de Ngoumou Edima Jah Evejah, a suscit\u00e9 une vive \u00e9motion \u00e0 travers le monde. D\u00e9c\u00e9d\u00e9e le 26 avril 2024 \u00e0 Ouidah, au B\u00e9nin, M\u00e8re Jah laisse derri\u00e8re elle un h\u00e9ritage ind\u00e9l\u00e9bile en mati\u00e8re d\u2019agro\u00e9cologie et de panafricanisme. N\u00e9e le 14 [&hellip;]<\/p>\n","protected":false},"author":4,"featured_media":6932,"comment_status":"closed","ping_status":"open","sticky":false,"template":"","format":"standard","meta":{"_acf_changed":false,"_jet_sm_ready_style":"","_jet_sm_style":"","_jet_sm_controls_values":"","_jet_sm_fonts_collection":"","_jet_sm_fonts_links":"","footnotes":""},"categories":[1],"tags":[232],"class_list":["post-6930","post","type-post","status-publish","format-standard","has-post-thumbnail","hentry","category-uncategorized","tag-blog"],"acf":[],"yoast_head":"<!-- This site is optimized with the Yoast SEO plugin v25.4 - https:\/\/yoast.com\/wordpress\/plugins\/seo\/ -->\n<title>M\u00e8re Jah : une figure embl\u00e9matique de l&#039;Agro\u00e9cologie et du Panafricanisme - Timuntu Travel<\/title>\n<meta name=\"robots\" content=\"index, follow, max-snippet:-1, max-image-preview:large, max-video-preview:-1\" \/>\n<link rel=\"canonical\" href=\"https:\/\/timuntutravel.com\/v3\/mere-jah-une-figure-emblematique-de-lagroecologie-et-du-panafricanisme\/\" \/>\n<meta property=\"og:locale\" content=\"fr_FR\" \/>\n<meta property=\"og:type\" content=\"article\" \/>\n<meta property=\"og:title\" content=\"M\u00e8re Jah : une figure embl\u00e9matique de l&#039;Agro\u00e9cologie et du Panafricanisme - Timuntu Travel\" \/>\n<meta property=\"og:description\" content=\"La nouvelle de la disparition de M\u00e8re Jah, connue \u00e0 l\u2019\u00e9tat civil sous le nom de Ngoumou Edima Jah Evejah, a suscit\u00e9 une vive \u00e9motion \u00e0 travers le monde. D\u00e9c\u00e9d\u00e9e le 26 avril 2024 \u00e0 Ouidah, au B\u00e9nin, M\u00e8re Jah laisse derri\u00e8re elle un h\u00e9ritage ind\u00e9l\u00e9bile en mati\u00e8re d\u2019agro\u00e9cologie et de panafricanisme. N\u00e9e le 14 [&hellip;]\" \/>\n<meta property=\"og:url\" content=\"https:\/\/timuntutravel.com\/v3\/mere-jah-une-figure-emblematique-de-lagroecologie-et-du-panafricanisme\/\" \/>\n<meta property=\"og:site_name\" content=\"Timuntu Travel\" \/>\n<meta property=\"article:published_time\" content=\"2024-05-24T15:21:36+00:00\" \/>\n<meta property=\"article:modified_time\" content=\"2024-05-24T16:23:06+00:00\" \/>\n<meta property=\"og:image\" content=\"https:\/\/timuntutravel.com\/v3\/wp-content\/uploads\/2024\/05\/MERE-JAH-1.jpg\" \/>\n\t<meta property=\"og:image:width\" content=\"1280\" \/>\n\t<meta property=\"og:image:height\" content=\"960\" \/>\n\t<meta property=\"og:image:type\" content=\"image\/jpeg\" \/>\n<meta name=\"author\" content=\"Rille\" \/>\n<meta name=\"twitter:card\" content=\"summary_large_image\" \/>\n<meta name=\"twitter:label1\" content=\"\u00c9crit par\" \/>\n\t<meta name=\"twitter:data1\" content=\"Rille\" \/>\n\t<meta name=\"twitter:label2\" content=\"Dur\u00e9e de lecture estim\u00e9e\" \/>\n\t<meta name=\"twitter:data2\" content=\"3 minutes\" \/>\n<script type=\"application\/ld+json\" class=\"yoast-schema-graph\">{\"@context\":\"https:\/\/schema.org\",\"@graph\":[{\"@type\":\"Article\",\"@id\":\"https:\/\/timuntutravel.com\/v3\/mere-jah-une-figure-emblematique-de-lagroecologie-et-du-panafricanisme\/#article\",\"isPartOf\":{\"@id\":\"https:\/\/timuntutravel.com\/v3\/mere-jah-une-figure-emblematique-de-lagroecologie-et-du-panafricanisme\/\"},\"author\":{\"name\":\"Rille\",\"@id\":\"https:\/\/timuntutravel.com\/#\/schema\/person\/8c025aac98a726185eeddfca9cef91da\"},\"headline\":\"M\u00e8re Jah : une figure embl\u00e9matique de l&rsquo;Agro\u00e9cologie et du Panafricanisme\",\"datePublished\":\"2024-05-24T15:21:36+00:00\",\"dateModified\":\"2024-05-24T16:23:06+00:00\",\"mainEntityOfPage\":{\"@id\":\"https:\/\/timuntutravel.com\/v3\/mere-jah-une-figure-emblematique-de-lagroecologie-et-du-panafricanisme\/\"},\"wordCount\":618,\"publisher\":{\"@id\":\"https:\/\/timuntutravel.com\/#organization\"},\"image\":{\"@id\":\"https:\/\/timuntutravel.com\/v3\/mere-jah-une-figure-emblematique-de-lagroecologie-et-du-panafricanisme\/#primaryimage\"},\"thumbnailUrl\":\"https:\/\/timuntutravel.com\/v3\/wp-content\/uploads\/2024\/05\/MERE-JAH-1.jpg\",\"keywords\":[\"blog\"],\"articleSection\":[\"Uncategorized\"],\"inLanguage\":\"fr-FR\"},{\"@type\":\"WebPage\",\"@id\":\"https:\/\/timuntutravel.com\/v3\/mere-jah-une-figure-emblematique-de-lagroecologie-et-du-panafricanisme\/\",\"url\":\"https:\/\/timuntutravel.com\/v3\/mere-jah-une-figure-emblematique-de-lagroecologie-et-du-panafricanisme\/\",\"name\":\"M\u00e8re Jah : une figure embl\u00e9matique de l'Agro\u00e9cologie et du Panafricanisme - Timuntu Travel\",\"isPartOf\":{\"@id\":\"https:\/\/timuntutravel.com\/#website\"},\"primaryImageOfPage\":{\"@id\":\"https:\/\/timuntutravel.com\/v3\/mere-jah-une-figure-emblematique-de-lagroecologie-et-du-panafricanisme\/#primaryimage\"},\"image\":{\"@id\":\"https:\/\/timuntutravel.com\/v3\/mere-jah-une-figure-emblematique-de-lagroecologie-et-du-panafricanisme\/#primaryimage\"},\"thumbnailUrl\":\"https:\/\/timuntutravel.com\/v3\/wp-content\/uploads\/2024\/05\/MERE-JAH-1.jpg\",\"datePublished\":\"2024-05-24T15:21:36+00:00\",\"dateModified\":\"2024-05-24T16:23:06+00:00\",\"breadcrumb\":{\"@id\":\"https:\/\/timuntutravel.com\/v3\/mere-jah-une-figure-emblematique-de-lagroecologie-et-du-panafricanisme\/#breadcrumb\"},\"inLanguage\":\"fr-FR\",\"potentialAction\":[{\"@type\":\"ReadAction\",\"target\":[\"https:\/\/timuntutravel.com\/v3\/mere-jah-une-figure-emblematique-de-lagroecologie-et-du-panafricanisme\/\"]}]},{\"@type\":\"ImageObject\",\"inLanguage\":\"fr-FR\",\"@id\":\"https:\/\/timuntutravel.com\/v3\/mere-jah-une-figure-emblematique-de-lagroecologie-et-du-panafricanisme\/#primaryimage\",\"url\":\"https:\/\/timuntutravel.com\/v3\/wp-content\/uploads\/2024\/05\/MERE-JAH-1.jpg\",\"contentUrl\":\"https:\/\/timuntutravel.com\/v3\/wp-content\/uploads\/2024\/05\/MERE-JAH-1.jpg\",\"width\":1280,\"height\":960},{\"@type\":\"BreadcrumbList\",\"@id\":\"https:\/\/timuntutravel.com\/v3\/mere-jah-une-figure-emblematique-de-lagroecologie-et-du-panafricanisme\/#breadcrumb\",\"itemListElement\":[{\"@type\":\"ListItem\",\"position\":1,\"name\":\"Accueil\",\"item\":\"https:\/\/timuntutravel.com\/v3\/\"},{\"@type\":\"ListItem\",\"position\":2,\"name\":\"M\u00e8re Jah : une figure embl\u00e9matique de l&rsquo;Agro\u00e9cologie et du Panafricanisme\"}]},{\"@type\":\"WebSite\",\"@id\":\"https:\/\/timuntutravel.com\/#website\",\"url\":\"https:\/\/timuntutravel.com\/\",\"name\":\"Timuntu Travel\",\"description\":\"Timuntu Travel\",\"publisher\":{\"@id\":\"https:\/\/timuntutravel.com\/#organization\"},\"potentialAction\":[{\"@type\":\"SearchAction\",\"target\":{\"@type\":\"EntryPoint\",\"urlTemplate\":\"https:\/\/timuntutravel.com\/?s={search_term_string}\"},\"query-input\":{\"@type\":\"PropertyValueSpecification\",\"valueRequired\":true,\"valueName\":\"search_term_string\"}}],\"inLanguage\":\"fr-FR\"},{\"@type\":\"Organization\",\"@id\":\"https:\/\/timuntutravel.com\/#organization\",\"name\":\"Timuntu Travel\",\"url\":\"https:\/\/timuntutravel.com\/\",\"logo\":{\"@type\":\"ImageObject\",\"inLanguage\":\"fr-FR\",\"@id\":\"https:\/\/timuntutravel.com\/#\/schema\/logo\/image\/\",\"url\":\"https:\/\/timuntutravel.com\/v3\/wp-content\/uploads\/2022\/04\/Original.png\",\"contentUrl\":\"https:\/\/timuntutravel.com\/v3\/wp-content\/uploads\/2022\/04\/Original.png\",\"width\":800,\"height\":361,\"caption\":\"Timuntu Travel\"},\"image\":{\"@id\":\"https:\/\/timuntutravel.com\/#\/schema\/logo\/image\/\"}},{\"@type\":\"Person\",\"@id\":\"https:\/\/timuntutravel.com\/#\/schema\/person\/8c025aac98a726185eeddfca9cef91da\",\"name\":\"Rille\",\"image\":{\"@type\":\"ImageObject\",\"inLanguage\":\"fr-FR\",\"@id\":\"https:\/\/timuntutravel.com\/#\/schema\/person\/image\/\",\"url\":\"https:\/\/secure.gravatar.com\/avatar\/db84b47a60e88ebf43497a6487897b4931f1d9d09846c673d10a6dc8d3bbe399?s=96&d=mm&r=g\",\"contentUrl\":\"https:\/\/secure.gravatar.com\/avatar\/db84b47a60e88ebf43497a6487897b4931f1d9d09846c673d10a6dc8d3bbe399?s=96&d=mm&r=g\",\"caption\":\"Rille\"}}]}<\/script>\n<!-- \/ Yoast SEO plugin. -->","yoast_head_json":{"title":"M\u00e8re Jah : une figure embl\u00e9matique de l'Agro\u00e9cologie et du Panafricanisme - Timuntu Travel","robots":{"index":"index","follow":"follow","max-snippet":"max-snippet:-1","max-image-preview":"max-image-preview:large","max-video-preview":"max-video-preview:-1"},"canonical":"https:\/\/timuntutravel.com\/v3\/mere-jah-une-figure-emblematique-de-lagroecologie-et-du-panafricanisme\/","og_locale":"fr_FR","og_type":"article","og_title":"M\u00e8re Jah : une figure embl\u00e9matique de l'Agro\u00e9cologie et du Panafricanisme - Timuntu Travel","og_description":"La nouvelle de la disparition de M\u00e8re Jah, connue \u00e0 l\u2019\u00e9tat civil sous le nom de Ngoumou Edima Jah Evejah, a suscit\u00e9 une vive \u00e9motion \u00e0 travers le monde. D\u00e9c\u00e9d\u00e9e le 26 avril 2024 \u00e0 Ouidah, au B\u00e9nin, M\u00e8re Jah laisse derri\u00e8re elle un h\u00e9ritage ind\u00e9l\u00e9bile en mati\u00e8re d\u2019agro\u00e9cologie et de panafricanisme. N\u00e9e le 14 [&hellip;]","og_url":"https:\/\/timuntutravel.com\/v3\/mere-jah-une-figure-emblematique-de-lagroecologie-et-du-panafricanisme\/","og_site_name":"Timuntu Travel","article_published_time":"2024-05-24T15:21:36+00:00","article_modified_time":"2024-05-24T16:23:06+00:00","og_image":[{"width":1280,"height":960,"url":"https:\/\/timuntutravel.com\/v3\/wp-content\/uploads\/2024\/05\/MERE-JAH-1.jpg","type":"image\/jpeg"}],"author":"Rille","twitter_card":"summary_large_image","twitter_misc":{"\u00c9crit par":"Rille","Dur\u00e9e de lecture estim\u00e9e":"3 minutes"},"schema":{"@context":"https:\/\/schema.org","@graph":[{"@type":"Article","@id":"https:\/\/timuntutravel.com\/v3\/mere-jah-une-figure-emblematique-de-lagroecologie-et-du-panafricanisme\/#article","isPartOf":{"@id":"https:\/\/timuntutravel.com\/v3\/mere-jah-une-figure-emblematique-de-lagroecologie-et-du-panafricanisme\/"},"author":{"name":"Rille","@id":"https:\/\/timuntutravel.com\/#\/schema\/person\/8c025aac98a726185eeddfca9cef91da"},"headline":"M\u00e8re Jah : une figure embl\u00e9matique de l&rsquo;Agro\u00e9cologie et du Panafricanisme","datePublished":"2024-05-24T15:21:36+00:00","dateModified":"2024-05-24T16:23:06+00:00","mainEntityOfPage":{"@id":"https:\/\/timuntutravel.com\/v3\/mere-jah-une-figure-emblematique-de-lagroecologie-et-du-panafricanisme\/"},"wordCount":618,"publisher":{"@id":"https:\/\/timuntutravel.com\/#organization"},"image":{"@id":"https:\/\/timuntutravel.com\/v3\/mere-jah-une-figure-emblematique-de-lagroecologie-et-du-panafricanisme\/#primaryimage"},"thumbnailUrl":"https:\/\/timuntutravel.com\/v3\/wp-content\/uploads\/2024\/05\/MERE-JAH-1.jpg","keywords":["blog"],"articleSection":["Uncategorized"],"inLanguage":"fr-FR"},{"@type":"WebPage","@id":"https:\/\/timuntutravel.com\/v3\/mere-jah-une-figure-emblematique-de-lagroecologie-et-du-panafricanisme\/","url":"https:\/\/timuntutravel.com\/v3\/mere-jah-une-figure-emblematique-de-lagroecologie-et-du-panafricanisme\/","name":"M\u00e8re Jah : une figure embl\u00e9matique de l'Agro\u00e9cologie et du Panafricanisme - Timuntu Travel","isPartOf":{"@id":"https:\/\/timuntutravel.com\/#website"},"primaryImageOfPage":{"@id":"https:\/\/timuntutravel.com\/v3\/mere-jah-une-figure-emblematique-de-lagroecologie-et-du-panafricanisme\/#primaryimage"},"image":{"@id":"https:\/\/timuntutravel.com\/v3\/mere-jah-une-figure-emblematique-de-lagroecologie-et-du-panafricanisme\/#primaryimage"},"thumbnailUrl":"https:\/\/timuntutravel.com\/v3\/wp-content\/uploads\/2024\/05\/MERE-JAH-1.jpg","datePublished":"2024-05-24T15:21:36+00:00","dateModified":"2024-05-24T16:23:06+00:00","breadcrumb":{"@id":"https:\/\/timuntutravel.com\/v3\/mere-jah-une-figure-emblematique-de-lagroecologie-et-du-panafricanisme\/#breadcrumb"},"inLanguage":"fr-FR","potentialAction":[{"@type":"ReadAction","target":["https:\/\/timuntutravel.com\/v3\/mere-jah-une-figure-emblematique-de-lagroecologie-et-du-panafricanisme\/"]}]},{"@type":"ImageObject","inLanguage":"fr-FR","@id":"https:\/\/timuntutravel.com\/v3\/mere-jah-une-figure-emblematique-de-lagroecologie-et-du-panafricanisme\/#primaryimage","url":"https:\/\/timuntutravel.com\/v3\/wp-content\/uploads\/2024\/05\/MERE-JAH-1.jpg","contentUrl":"https:\/\/timuntutravel.com\/v3\/wp-content\/uploads\/2024\/05\/MERE-JAH-1.jpg","width":1280,"height":960},{"@type":"BreadcrumbList","@id":"https:\/\/timuntutravel.com\/v3\/mere-jah-une-figure-emblematique-de-lagroecologie-et-du-panafricanisme\/#breadcrumb","itemListElement":[{"@type":"ListItem","position":1,"name":"Accueil","item":"https:\/\/timuntutravel.com\/v3\/"},{"@type":"ListItem","position":2,"name":"M\u00e8re Jah : une figure embl\u00e9matique de l&rsquo;Agro\u00e9cologie et du Panafricanisme"}]},{"@type":"WebSite","@id":"https:\/\/timuntutravel.com\/#website","url":"https:\/\/timuntutravel.com\/","name":"Timuntu Travel","description":"Timuntu Travel","publisher":{"@id":"https:\/\/timuntutravel.com\/#organization"},"potentialAction":[{"@type":"SearchAction","target":{"@type":"EntryPoint","urlTemplate":"https:\/\/timuntutravel.com\/?s={search_term_string}"},"query-input":{"@type":"PropertyValueSpecification","valueRequired":true,"valueName":"search_term_string"}}],"inLanguage":"fr-FR"},{"@type":"Organization","@id":"https:\/\/timuntutravel.com\/#organization","name":"Timuntu Travel","url":"https:\/\/timuntutravel.com\/","logo":{"@type":"ImageObject","inLanguage":"fr-FR","@id":"https:\/\/timuntutravel.com\/#\/schema\/logo\/image\/","url":"https:\/\/timuntutravel.com\/v3\/wp-content\/uploads\/2022\/04\/Original.png","contentUrl":"https:\/\/timuntutravel.com\/v3\/wp-content\/uploads\/2022\/04\/Original.png","width":800,"height":361,"caption":"Timuntu Travel"},"image":{"@id":"https:\/\/timuntutravel.com\/#\/schema\/logo\/image\/"}},{"@type":"Person","@id":"https:\/\/timuntutravel.com\/#\/schema\/person\/8c025aac98a726185eeddfca9cef91da","name":"Rille","image":{"@type":"ImageObject","inLanguage":"fr-FR","@id":"https:\/\/timuntutravel.com\/#\/schema\/person\/image\/","url":"https:\/\/secure.gravatar.com\/avatar\/db84b47a60e88ebf43497a6487897b4931f1d9d09846c673d10a6dc8d3bbe399?s=96&d=mm&r=g","contentUrl":"https:\/\/secure.gravatar.com\/avatar\/db84b47a60e88ebf43497a6487897b4931f1d9d09846c673d10a6dc8d3bbe399?s=96&d=mm&r=g","caption":"Rille"}}]}},"_links":{"self":[{"href":"https:\/\/timuntutravel.com\/v3\/wp-json\/wp\/v2\/posts\/6930","targetHints":{"allow":["GET"]}}],"collection":[{"href":"https:\/\/timuntutravel.com\/v3\/wp-json\/wp\/v2\/posts"}],"about":[{"href":"https:\/\/timuntutravel.com\/v3\/wp-json\/wp\/v2\/types\/post"}],"author":[{"embeddable":true,"href":"https:\/\/timuntutravel.com\/v3\/wp-json\/wp\/v2\/users\/4"}],"replies":[{"embeddable":true,"href":"https:\/\/timuntutravel.com\/v3\/wp-json\/wp\/v2\/comments?post=6930"}],"version-history":[{"count":4,"href":"https:\/\/timuntutravel.com\/v3\/wp-json\/wp\/v2\/posts\/6930\/revisions"}],"predecessor-version":[{"id":6938,"href":"https:\/\/timuntutravel.com\/v3\/wp-json\/wp\/v2\/posts\/6930\/revisions\/6938"}],"wp:featuredmedia":[{"embeddable":true,"href":"https:\/\/timuntutravel.com\/v3\/wp-json\/wp\/v2\/media\/6932"}],"wp:attachment":[{"href":"https:\/\/timuntutravel.com\/v3\/wp-json\/wp\/v2\/media?parent=6930"}],"wp:term":[{"taxonomy":"category","embeddable":true,"href":"https:\/\/timuntutravel.com\/v3\/wp-json\/wp\/v2\/categories?post=6930"},{"taxonomy":"post_tag","embeddable":true,"href":"https:\/\/timuntutravel.com\/v3\/wp-json\/wp\/v2\/tags?post=6930"}],"curies":[{"name":"wp","href":"https:\/\/api.w.org\/{rel}","templated":true}]}}