{"id":6941,"date":"2024-07-18T09:44:54","date_gmt":"2024-07-18T07:44:54","guid":{"rendered":"https:\/\/timuntutravel.com\/v3\/?p=6941"},"modified":"2024-07-18T09:44:57","modified_gmt":"2024-07-18T07:44:57","slug":"the-youth-day-en-afrique-du-sud","status":"publish","type":"post","link":"https:\/\/timuntutravel.com\/v3\/the-youth-day-en-afrique-du-sud\/","title":{"rendered":"The Youth Day en Afrique du Sud"},"content":{"rendered":"\n<p>Le 16 juin marque une date significative dans le calendrier sud-africain : the Youth Day, ou le Jour de la Jeunesse. Cette journ\u00e9e comm\u00e9more les \u00e9v\u00e9nements tragiques et h\u00e9ro\u00efques du 16 juin 1976, lorsque des milliers d&rsquo;\u00e9coliers noirs de Soweto se sont soulev\u00e9s contre un syst\u00e8me \u00e9ducatif discriminatoire et oppressif impos\u00e9 par le r\u00e9gime de l&rsquo;apartheid. Leur courage et leur sacrifice ont eu un impact profond sur la lutte pour la libert\u00e9 et la justice en Afrique du Sud.<\/p>\n\n\n\n<figure class=\"wp-block-image size-large\"><img fetchpriority=\"high\" decoding=\"async\" width=\"1024\" height=\"768\" src=\"https:\/\/timuntutravel.com\/v3\/wp-content\/uploads\/2024\/07\/IMG_20170605_141951-1024x768.jpg\" alt=\"\" class=\"wp-image-6944\" srcset=\"https:\/\/timuntutravel.com\/v3\/wp-content\/uploads\/2024\/07\/IMG_20170605_141951-1024x768.jpg 1024w, https:\/\/timuntutravel.com\/v3\/wp-content\/uploads\/2024\/07\/IMG_20170605_141951-300x225.jpg 300w, https:\/\/timuntutravel.com\/v3\/wp-content\/uploads\/2024\/07\/IMG_20170605_141951-768x576.jpg 768w, https:\/\/timuntutravel.com\/v3\/wp-content\/uploads\/2024\/07\/IMG_20170605_141951-1536x1152.jpg 1536w, https:\/\/timuntutravel.com\/v3\/wp-content\/uploads\/2024\/07\/IMG_20170605_141951-2048x1536.jpg 2048w, https:\/\/timuntutravel.com\/v3\/wp-content\/uploads\/2024\/07\/IMG_20170605_141951-600x450.jpg 600w, https:\/\/timuntutravel.com\/v3\/wp-content\/uploads\/2024\/07\/IMG_20170605_141951-120x90.jpg 120w\" sizes=\"(max-width: 1024px) 100vw, 1024px\" \/><figcaption class=\"wp-element-caption\">Le mus\u00e9e Hector Pieterson<\/figcaption><\/figure>\n\n\n\n<p>En 1976, le gouvernement de l&rsquo;apartheid imposa une nouvelle politique \u00e9ducative qui obligeait les \u00e9l\u00e8ves noirs \u00e0 recevoir leur instruction en afrikaans, la langue des oppresseurs, plut\u00f4t qu&rsquo;en anglais ou dans leurs langues maternelles. Cette d\u00e9cision fut per\u00e7ue comme un moyen de renforcer l&rsquo;in\u00e9galit\u00e9 raciale et de maintenir les Noirs dans un \u00e9tat de subordination.<\/p>\n\n\n\n<p>Le 16 juin 1976, des milliers d&rsquo;\u00e9l\u00e8ves de Soweto, un township pr\u00e8s de Johannesburg, d\u00e9cid\u00e8rent de manifester pacifiquement contre cette imposition. Ils march\u00e8rent avec des pancartes et scand\u00e8rent des slogans exigeant leurs droits \u00e0 une \u00e9ducation juste et \u00e9quitable. La r\u00e9ponse des autorit\u00e9s fut brutale : la police ouvrit le feu sur les manifestants non arm\u00e9s. Le premier \u00e0 tomber fut Hector Pieterson, un gar\u00e7on de treize ans, dont la photo, prise par le photojournaliste Sam Nzima, devint un symbole mondial de la r\u00e9pression de l&rsquo;apartheid.<\/p>\n\n\n\n<p>Les \u00e9v\u00e9nements de Soweto eurent des r\u00e9percussions imm\u00e9diates et durables. La brutalit\u00e9 de la r\u00e9pression choqua le monde entier, attirant l&rsquo;attention internationale sur les injustices du r\u00e9gime de l&rsquo;apartheid. La r\u00e9volte s&rsquo;\u00e9tendit rapidement \u00e0 d&rsquo;autres townships et villes, d\u00e9clenchant une vague de protestations et de r\u00e9sistance \u00e0 travers le pays. Elle galvanisa \u00e9galement le mouvement de lib\u00e9ration nationale, men\u00e9 par l&rsquo;ANC (African National Congress) et d&rsquo;autres organisations anti-apartheid.<\/p>\n\n\n\n<p>La r\u00e9pression violente de la r\u00e9volte de Soweto fut un tournant dans la lutte contre l&rsquo;apartheid. Elle marqua une intensification de la r\u00e9sistance et de la r\u00e9pression, mais aussi une prise de conscience accrue de la communaut\u00e9 internationale, qui intensifia ses pressions pour mettre fin \u00e0 ce r\u00e9gime unique.<\/p>\n\n\n\n<figure class=\"wp-block-image size-full\"><img decoding=\"async\" width=\"800\" height=\"533\" src=\"https:\/\/timuntutravel.com\/v3\/wp-content\/uploads\/2024\/07\/hector-pieterson-memorial.jpg\" alt=\"\" class=\"wp-image-6946\" srcset=\"https:\/\/timuntutravel.com\/v3\/wp-content\/uploads\/2024\/07\/hector-pieterson-memorial.jpg 800w, https:\/\/timuntutravel.com\/v3\/wp-content\/uploads\/2024\/07\/hector-pieterson-memorial-300x200.jpg 300w, https:\/\/timuntutravel.com\/v3\/wp-content\/uploads\/2024\/07\/hector-pieterson-memorial-768x512.jpg 768w, https:\/\/timuntutravel.com\/v3\/wp-content\/uploads\/2024\/07\/hector-pieterson-memorial-600x400.jpg 600w, https:\/\/timuntutravel.com\/v3\/wp-content\/uploads\/2024\/07\/hector-pieterson-memorial-135x90.jpg 135w\" sizes=\"(max-width: 800px) 100vw, 800px\" \/><\/figure>\n\n\n\n<p>Aujourd&rsquo;hui, the Youth Day est un jour f\u00e9ri\u00e9 national en Afrique du Sud, d\u00e9di\u00e9 \u00e0 la m\u00e9moire des jeunes h\u00e9ros de 1976 et \u00e0 la c\u00e9l\u00e9bration de leur courage et de leur d\u00e9termination. C&rsquo;est aussi une journ\u00e9e pour r\u00e9fl\u00e9chir aux d\u00e9fis actuels auxquels sont confront\u00e9s les jeunes Sud-Africains et pour promouvoir l&rsquo;\u00e9ducation, l&#8217;emploi, et le d\u00e9veloppement de la jeunesse.<\/p>\n\n\n\n<p>Les comm\u00e9morations incluent souvent des discours, des c\u00e9r\u00e9monies de d\u00e9p\u00f4t de gerbes, des activit\u00e9s culturelles et \u00e9ducatives, ainsi que des d\u00e9bats sur les enjeux contemporains touchant la jeunesse. Le gouvernement, les organisations non gouvernementales et les communaut\u00e9s locales organisent divers \u00e9v\u00e9nements pour honorer les sacrifices des jeunes de 1976 et pour inspirer les nouvelles g\u00e9n\u00e9rations \u00e0 contribuer \u00e0 la construction d&rsquo;une soci\u00e9t\u00e9 plus juste et \u00e9quitable.<\/p>\n\n\n\n<p>Bien que l&rsquo;apartheid soit officiellement aboli depuis 1994, de nombreux d\u00e9fis persistent pour les jeunes en Afrique du Sud. Le pays est confront\u00e9 \u00e0 un taux de ch\u00f4mage \u00e9lev\u00e9, particuli\u00e8rement parmi les jeunes, ainsi qu&rsquo;\u00e0 des in\u00e9galit\u00e9s \u00e9conomiques et sociales profondes. L&rsquo;acc\u00e8s \u00e0 une \u00e9ducation de qualit\u00e9 reste un probl\u00e8me pour de nombreux enfants, en particulier ceux issus des communaut\u00e9s pauvres et marginalis\u00e9es.<\/p>\n\n\n\n<p>The Youth Day est ainsi une occasion de rappeler l&rsquo;importance de continuer \u00e0 lutter pour les droits des jeunes et pour une soci\u00e9t\u00e9 o\u00f9 chacun, ind\u00e9pendamment de sa race, de son origine ou de sa condition sociale, a acc\u00e8s aux opportunit\u00e9s et aux ressources n\u00e9cessaires pour r\u00e9aliser son potentiel.<\/p>\n\n\n\n<p>The Youth Day est bien plus qu&rsquo;une simple comm\u00e9moration ; c&rsquo;est un rappel poignant des sacrifices pass\u00e9s et une exhortation \u00e0 poursuivre la qu\u00eate de justice et d&rsquo;\u00e9galit\u00e9. En honorant la m\u00e9moire des jeunes de 1976, l&rsquo;Afrique du Sud reconna\u00eet le r\u00f4le crucial de la jeunesse dans la transformation de la soci\u00e9t\u00e9 et r\u00e9affirme son engagement \u00e0 cr\u00e9er un avenir meilleur pour tous ses citoyens.<\/p>\n\n\n\n<p>**Si vous voulez d\u00e9couvrir ce site incontournable, n&rsquo;h\u00e9sitez pas \u00e0 programmer un voyage avec Timuntu Travel. Je t&rsquo;invite \u00e0 parcourir notre itin\u00e9raire de voyage en groupe en cliquant sur le lien suivant : <a href=\"https:\/\/timuntutravel.com\/v3\/tour\/lauthenticite-sud-africaine\/\">L\u2019authenticit\u00e9 Sud-Africaine \u2013 Timuntu Travel<\/a>**<\/p>\n","protected":false},"excerpt":{"rendered":"<p>Le 16 juin marque une date significative dans le calendrier sud-africain : the Youth Day, ou le Jour de la Jeunesse. Cette journ\u00e9e comm\u00e9more les \u00e9v\u00e9nements tragiques et h\u00e9ro\u00efques du 16 juin 1976, lorsque des milliers d&rsquo;\u00e9coliers noirs de Soweto se sont soulev\u00e9s contre un syst\u00e8me \u00e9ducatif discriminatoire et oppressif impos\u00e9 par le r\u00e9gime de [&hellip;]<\/p>\n","protected":false},"author":4,"featured_media":6945,"comment_status":"open","ping_status":"open","sticky":false,"template":"","format":"standard","meta":{"_acf_changed":false,"_jet_sm_ready_style":"","_jet_sm_style":"","_jet_sm_controls_values":"","_jet_sm_fonts_collection":"","_jet_sm_fonts_links":"","footnotes":""},"categories":[1],"tags":[232],"class_list":["post-6941","post","type-post","status-publish","format-standard","has-post-thumbnail","hentry","category-uncategorized","tag-blog"],"acf":[],"yoast_head":"<!-- This site is optimized with the Yoast SEO plugin v25.4 - https:\/\/yoast.com\/wordpress\/plugins\/seo\/ -->\n<title>The Youth Day en Afrique du Sud - Timuntu Travel<\/title>\n<meta name=\"robots\" content=\"index, follow, max-snippet:-1, max-image-preview:large, max-video-preview:-1\" \/>\n<link rel=\"canonical\" href=\"https:\/\/timuntutravel.com\/v3\/the-youth-day-en-afrique-du-sud\/\" \/>\n<meta property=\"og:locale\" content=\"fr_FR\" \/>\n<meta property=\"og:type\" content=\"article\" \/>\n<meta property=\"og:title\" content=\"The Youth Day en Afrique du Sud - Timuntu Travel\" \/>\n<meta property=\"og:description\" content=\"Le 16 juin marque une date significative dans le calendrier sud-africain : the Youth Day, ou le Jour de la Jeunesse. Cette journ\u00e9e comm\u00e9more les \u00e9v\u00e9nements tragiques et h\u00e9ro\u00efques du 16 juin 1976, lorsque des milliers d&rsquo;\u00e9coliers noirs de Soweto se sont soulev\u00e9s contre un syst\u00e8me \u00e9ducatif discriminatoire et oppressif impos\u00e9 par le r\u00e9gime de [&hellip;]\" \/>\n<meta property=\"og:url\" content=\"https:\/\/timuntutravel.com\/v3\/the-youth-day-en-afrique-du-sud\/\" \/>\n<meta property=\"og:site_name\" content=\"Timuntu Travel\" \/>\n<meta property=\"article:published_time\" content=\"2024-07-18T07:44:54+00:00\" \/>\n<meta property=\"article:modified_time\" content=\"2024-07-18T07:44:57+00:00\" \/>\n<meta property=\"og:image\" content=\"https:\/\/timuntutravel.com\/v3\/wp-content\/uploads\/2024\/07\/WhatsApp-Image-2024-04-12-at-17.32.57.jpeg\" \/>\n\t<meta property=\"og:image:width\" content=\"1080\" \/>\n\t<meta property=\"og:image:height\" content=\"1920\" \/>\n\t<meta property=\"og:image:type\" content=\"image\/jpeg\" \/>\n<meta name=\"author\" content=\"Rille\" \/>\n<meta name=\"twitter:card\" content=\"summary_large_image\" \/>\n<meta name=\"twitter:label1\" content=\"\u00c9crit par\" \/>\n\t<meta name=\"twitter:data1\" content=\"Rille\" \/>\n\t<meta name=\"twitter:label2\" content=\"Dur\u00e9e de lecture estim\u00e9e\" \/>\n\t<meta name=\"twitter:data2\" content=\"4 minutes\" \/>\n<script type=\"application\/ld+json\" class=\"yoast-schema-graph\">{\"@context\":\"https:\/\/schema.org\",\"@graph\":[{\"@type\":\"Article\",\"@id\":\"https:\/\/timuntutravel.com\/v3\/the-youth-day-en-afrique-du-sud\/#article\",\"isPartOf\":{\"@id\":\"https:\/\/timuntutravel.com\/v3\/the-youth-day-en-afrique-du-sud\/\"},\"author\":{\"name\":\"Rille\",\"@id\":\"https:\/\/timuntutravel.com\/#\/schema\/person\/8c025aac98a726185eeddfca9cef91da\"},\"headline\":\"The Youth Day en Afrique du Sud\",\"datePublished\":\"2024-07-18T07:44:54+00:00\",\"dateModified\":\"2024-07-18T07:44:57+00:00\",\"mainEntityOfPage\":{\"@id\":\"https:\/\/timuntutravel.com\/v3\/the-youth-day-en-afrique-du-sud\/\"},\"wordCount\":753,\"commentCount\":0,\"publisher\":{\"@id\":\"https:\/\/timuntutravel.com\/#organization\"},\"image\":{\"@id\":\"https:\/\/timuntutravel.com\/v3\/the-youth-day-en-afrique-du-sud\/#primaryimage\"},\"thumbnailUrl\":\"https:\/\/timuntutravel.com\/v3\/wp-content\/uploads\/2024\/07\/WhatsApp-Image-2024-04-12-at-17.32.57.jpeg\",\"keywords\":[\"blog\"],\"articleSection\":[\"Uncategorized\"],\"inLanguage\":\"fr-FR\",\"potentialAction\":[{\"@type\":\"CommentAction\",\"name\":\"Comment\",\"target\":[\"https:\/\/timuntutravel.com\/v3\/the-youth-day-en-afrique-du-sud\/#respond\"]}]},{\"@type\":\"WebPage\",\"@id\":\"https:\/\/timuntutravel.com\/v3\/the-youth-day-en-afrique-du-sud\/\",\"url\":\"https:\/\/timuntutravel.com\/v3\/the-youth-day-en-afrique-du-sud\/\",\"name\":\"The Youth Day en Afrique du Sud - Timuntu Travel\",\"isPartOf\":{\"@id\":\"https:\/\/timuntutravel.com\/#website\"},\"primaryImageOfPage\":{\"@id\":\"https:\/\/timuntutravel.com\/v3\/the-youth-day-en-afrique-du-sud\/#primaryimage\"},\"image\":{\"@id\":\"https:\/\/timuntutravel.com\/v3\/the-youth-day-en-afrique-du-sud\/#primaryimage\"},\"thumbnailUrl\":\"https:\/\/timuntutravel.com\/v3\/wp-content\/uploads\/2024\/07\/WhatsApp-Image-2024-04-12-at-17.32.57.jpeg\",\"datePublished\":\"2024-07-18T07:44:54+00:00\",\"dateModified\":\"2024-07-18T07:44:57+00:00\",\"breadcrumb\":{\"@id\":\"https:\/\/timuntutravel.com\/v3\/the-youth-day-en-afrique-du-sud\/#breadcrumb\"},\"inLanguage\":\"fr-FR\",\"potentialAction\":[{\"@type\":\"ReadAction\",\"target\":[\"https:\/\/timuntutravel.com\/v3\/the-youth-day-en-afrique-du-sud\/\"]}]},{\"@type\":\"ImageObject\",\"inLanguage\":\"fr-FR\",\"@id\":\"https:\/\/timuntutravel.com\/v3\/the-youth-day-en-afrique-du-sud\/#primaryimage\",\"url\":\"https:\/\/timuntutravel.com\/v3\/wp-content\/uploads\/2024\/07\/WhatsApp-Image-2024-04-12-at-17.32.57.jpeg\",\"contentUrl\":\"https:\/\/timuntutravel.com\/v3\/wp-content\/uploads\/2024\/07\/WhatsApp-Image-2024-04-12-at-17.32.57.jpeg\",\"width\":1080,\"height\":1920},{\"@type\":\"BreadcrumbList\",\"@id\":\"https:\/\/timuntutravel.com\/v3\/the-youth-day-en-afrique-du-sud\/#breadcrumb\",\"itemListElement\":[{\"@type\":\"ListItem\",\"position\":1,\"name\":\"Accueil\",\"item\":\"https:\/\/timuntutravel.com\/v3\/\"},{\"@type\":\"ListItem\",\"position\":2,\"name\":\"The Youth Day en Afrique du Sud\"}]},{\"@type\":\"WebSite\",\"@id\":\"https:\/\/timuntutravel.com\/#website\",\"url\":\"https:\/\/timuntutravel.com\/\",\"name\":\"Timuntu Travel\",\"description\":\"Timuntu Travel\",\"publisher\":{\"@id\":\"https:\/\/timuntutravel.com\/#organization\"},\"potentialAction\":[{\"@type\":\"SearchAction\",\"target\":{\"@type\":\"EntryPoint\",\"urlTemplate\":\"https:\/\/timuntutravel.com\/?s={search_term_string}\"},\"query-input\":{\"@type\":\"PropertyValueSpecification\",\"valueRequired\":true,\"valueName\":\"search_term_string\"}}],\"inLanguage\":\"fr-FR\"},{\"@type\":\"Organization\",\"@id\":\"https:\/\/timuntutravel.com\/#organization\",\"name\":\"Timuntu Travel\",\"url\":\"https:\/\/timuntutravel.com\/\",\"logo\":{\"@type\":\"ImageObject\",\"inLanguage\":\"fr-FR\",\"@id\":\"https:\/\/timuntutravel.com\/#\/schema\/logo\/image\/\",\"url\":\"https:\/\/timuntutravel.com\/v3\/wp-content\/uploads\/2022\/04\/Original.png\",\"contentUrl\":\"https:\/\/timuntutravel.com\/v3\/wp-content\/uploads\/2022\/04\/Original.png\",\"width\":800,\"height\":361,\"caption\":\"Timuntu Travel\"},\"image\":{\"@id\":\"https:\/\/timuntutravel.com\/#\/schema\/logo\/image\/\"}},{\"@type\":\"Person\",\"@id\":\"https:\/\/timuntutravel.com\/#\/schema\/person\/8c025aac98a726185eeddfca9cef91da\",\"name\":\"Rille\",\"image\":{\"@type\":\"ImageObject\",\"inLanguage\":\"fr-FR\",\"@id\":\"https:\/\/timuntutravel.com\/#\/schema\/person\/image\/\",\"url\":\"https:\/\/secure.gravatar.com\/avatar\/db84b47a60e88ebf43497a6487897b4931f1d9d09846c673d10a6dc8d3bbe399?s=96&d=mm&r=g\",\"contentUrl\":\"https:\/\/secure.gravatar.com\/avatar\/db84b47a60e88ebf43497a6487897b4931f1d9d09846c673d10a6dc8d3bbe399?s=96&d=mm&r=g\",\"caption\":\"Rille\"}}]}<\/script>\n<!-- \/ Yoast SEO plugin. -->","yoast_head_json":{"title":"The Youth Day en Afrique du Sud - Timuntu Travel","robots":{"index":"index","follow":"follow","max-snippet":"max-snippet:-1","max-image-preview":"max-image-preview:large","max-video-preview":"max-video-preview:-1"},"canonical":"https:\/\/timuntutravel.com\/v3\/the-youth-day-en-afrique-du-sud\/","og_locale":"fr_FR","og_type":"article","og_title":"The Youth Day en Afrique du Sud - Timuntu Travel","og_description":"Le 16 juin marque une date significative dans le calendrier sud-africain : the Youth Day, ou le Jour de la Jeunesse. Cette journ\u00e9e comm\u00e9more les \u00e9v\u00e9nements tragiques et h\u00e9ro\u00efques du 16 juin 1976, lorsque des milliers d&rsquo;\u00e9coliers noirs de Soweto se sont soulev\u00e9s contre un syst\u00e8me \u00e9ducatif discriminatoire et oppressif impos\u00e9 par le r\u00e9gime de [&hellip;]","og_url":"https:\/\/timuntutravel.com\/v3\/the-youth-day-en-afrique-du-sud\/","og_site_name":"Timuntu Travel","article_published_time":"2024-07-18T07:44:54+00:00","article_modified_time":"2024-07-18T07:44:57+00:00","og_image":[{"width":1080,"height":1920,"url":"https:\/\/timuntutravel.com\/v3\/wp-content\/uploads\/2024\/07\/WhatsApp-Image-2024-04-12-at-17.32.57.jpeg","type":"image\/jpeg"}],"author":"Rille","twitter_card":"summary_large_image","twitter_misc":{"\u00c9crit par":"Rille","Dur\u00e9e de lecture estim\u00e9e":"4 minutes"},"schema":{"@context":"https:\/\/schema.org","@graph":[{"@type":"Article","@id":"https:\/\/timuntutravel.com\/v3\/the-youth-day-en-afrique-du-sud\/#article","isPartOf":{"@id":"https:\/\/timuntutravel.com\/v3\/the-youth-day-en-afrique-du-sud\/"},"author":{"name":"Rille","@id":"https:\/\/timuntutravel.com\/#\/schema\/person\/8c025aac98a726185eeddfca9cef91da"},"headline":"The Youth Day en Afrique du Sud","datePublished":"2024-07-18T07:44:54+00:00","dateModified":"2024-07-18T07:44:57+00:00","mainEntityOfPage":{"@id":"https:\/\/timuntutravel.com\/v3\/the-youth-day-en-afrique-du-sud\/"},"wordCount":753,"commentCount":0,"publisher":{"@id":"https:\/\/timuntutravel.com\/#organization"},"image":{"@id":"https:\/\/timuntutravel.com\/v3\/the-youth-day-en-afrique-du-sud\/#primaryimage"},"thumbnailUrl":"https:\/\/timuntutravel.com\/v3\/wp-content\/uploads\/2024\/07\/WhatsApp-Image-2024-04-12-at-17.32.57.jpeg","keywords":["blog"],"articleSection":["Uncategorized"],"inLanguage":"fr-FR","potentialAction":[{"@type":"CommentAction","name":"Comment","target":["https:\/\/timuntutravel.com\/v3\/the-youth-day-en-afrique-du-sud\/#respond"]}]},{"@type":"WebPage","@id":"https:\/\/timuntutravel.com\/v3\/the-youth-day-en-afrique-du-sud\/","url":"https:\/\/timuntutravel.com\/v3\/the-youth-day-en-afrique-du-sud\/","name":"The Youth Day en Afrique du Sud - Timuntu Travel","isPartOf":{"@id":"https:\/\/timuntutravel.com\/#website"},"primaryImageOfPage":{"@id":"https:\/\/timuntutravel.com\/v3\/the-youth-day-en-afrique-du-sud\/#primaryimage"},"image":{"@id":"https:\/\/timuntutravel.com\/v3\/the-youth-day-en-afrique-du-sud\/#primaryimage"},"thumbnailUrl":"https:\/\/timuntutravel.com\/v3\/wp-content\/uploads\/2024\/07\/WhatsApp-Image-2024-04-12-at-17.32.57.jpeg","datePublished":"2024-07-18T07:44:54+00:00","dateModified":"2024-07-18T07:44:57+00:00","breadcrumb":{"@id":"https:\/\/timuntutravel.com\/v3\/the-youth-day-en-afrique-du-sud\/#breadcrumb"},"inLanguage":"fr-FR","potentialAction":[{"@type":"ReadAction","target":["https:\/\/timuntutravel.com\/v3\/the-youth-day-en-afrique-du-sud\/"]}]},{"@type":"ImageObject","inLanguage":"fr-FR","@id":"https:\/\/timuntutravel.com\/v3\/the-youth-day-en-afrique-du-sud\/#primaryimage","url":"https:\/\/timuntutravel.com\/v3\/wp-content\/uploads\/2024\/07\/WhatsApp-Image-2024-04-12-at-17.32.57.jpeg","contentUrl":"https:\/\/timuntutravel.com\/v3\/wp-content\/uploads\/2024\/07\/WhatsApp-Image-2024-04-12-at-17.32.57.jpeg","width":1080,"height":1920},{"@type":"BreadcrumbList","@id":"https:\/\/timuntutravel.com\/v3\/the-youth-day-en-afrique-du-sud\/#breadcrumb","itemListElement":[{"@type":"ListItem","position":1,"name":"Accueil","item":"https:\/\/timuntutravel.com\/v3\/"},{"@type":"ListItem","position":2,"name":"The Youth Day en Afrique du Sud"}]},{"@type":"WebSite","@id":"https:\/\/timuntutravel.com\/#website","url":"https:\/\/timuntutravel.com\/","name":"Timuntu Travel","description":"Timuntu Travel","publisher":{"@id":"https:\/\/timuntutravel.com\/#organization"},"potentialAction":[{"@type":"SearchAction","target":{"@type":"EntryPoint","urlTemplate":"https:\/\/timuntutravel.com\/?s={search_term_string}"},"query-input":{"@type":"PropertyValueSpecification","valueRequired":true,"valueName":"search_term_string"}}],"inLanguage":"fr-FR"},{"@type":"Organization","@id":"https:\/\/timuntutravel.com\/#organization","name":"Timuntu Travel","url":"https:\/\/timuntutravel.com\/","logo":{"@type":"ImageObject","inLanguage":"fr-FR","@id":"https:\/\/timuntutravel.com\/#\/schema\/logo\/image\/","url":"https:\/\/timuntutravel.com\/v3\/wp-content\/uploads\/2022\/04\/Original.png","contentUrl":"https:\/\/timuntutravel.com\/v3\/wp-content\/uploads\/2022\/04\/Original.png","width":800,"height":361,"caption":"Timuntu Travel"},"image":{"@id":"https:\/\/timuntutravel.com\/#\/schema\/logo\/image\/"}},{"@type":"Person","@id":"https:\/\/timuntutravel.com\/#\/schema\/person\/8c025aac98a726185eeddfca9cef91da","name":"Rille","image":{"@type":"ImageObject","inLanguage":"fr-FR","@id":"https:\/\/timuntutravel.com\/#\/schema\/person\/image\/","url":"https:\/\/secure.gravatar.com\/avatar\/db84b47a60e88ebf43497a6487897b4931f1d9d09846c673d10a6dc8d3bbe399?s=96&d=mm&r=g","contentUrl":"https:\/\/secure.gravatar.com\/avatar\/db84b47a60e88ebf43497a6487897b4931f1d9d09846c673d10a6dc8d3bbe399?s=96&d=mm&r=g","caption":"Rille"}}]}},"_links":{"self":[{"href":"https:\/\/timuntutravel.com\/v3\/wp-json\/wp\/v2\/posts\/6941","targetHints":{"allow":["GET"]}}],"collection":[{"href":"https:\/\/timuntutravel.com\/v3\/wp-json\/wp\/v2\/posts"}],"about":[{"href":"https:\/\/timuntutravel.com\/v3\/wp-json\/wp\/v2\/types\/post"}],"author":[{"embeddable":true,"href":"https:\/\/timuntutravel.com\/v3\/wp-json\/wp\/v2\/users\/4"}],"replies":[{"embeddable":true,"href":"https:\/\/timuntutravel.com\/v3\/wp-json\/wp\/v2\/comments?post=6941"}],"version-history":[{"count":1,"href":"https:\/\/timuntutravel.com\/v3\/wp-json\/wp\/v2\/posts\/6941\/revisions"}],"predecessor-version":[{"id":6947,"href":"https:\/\/timuntutravel.com\/v3\/wp-json\/wp\/v2\/posts\/6941\/revisions\/6947"}],"wp:featuredmedia":[{"embeddable":true,"href":"https:\/\/timuntutravel.com\/v3\/wp-json\/wp\/v2\/media\/6945"}],"wp:attachment":[{"href":"https:\/\/timuntutravel.com\/v3\/wp-json\/wp\/v2\/media?parent=6941"}],"wp:term":[{"taxonomy":"category","embeddable":true,"href":"https:\/\/timuntutravel.com\/v3\/wp-json\/wp\/v2\/categories?post=6941"},{"taxonomy":"post_tag","embeddable":true,"href":"https:\/\/timuntutravel.com\/v3\/wp-json\/wp\/v2\/tags?post=6941"}],"curies":[{"name":"wp","href":"https:\/\/api.w.org\/{rel}","templated":true}]}}