{"id":6961,"date":"2024-07-18T10:44:09","date_gmt":"2024-07-18T08:44:09","guid":{"rendered":"https:\/\/timuntutravel.com\/v3\/?p=6961"},"modified":"2024-07-18T12:22:28","modified_gmt":"2024-07-18T10:22:28","slug":"mandela-day-un-jour-pour-honorer-lheritage-de-nelson-mandela","status":"publish","type":"post","link":"https:\/\/timuntutravel.com\/v3\/mandela-day-un-jour-pour-honorer-lheritage-de-nelson-mandela\/","title":{"rendered":"Mandela Day : Un Jour pour Honorer l&rsquo;H\u00e9ritage de Nelson Mandela\u00a0"},"content":{"rendered":"\n<p>Chaque ann\u00e9e, le 18 juillet, le monde entier c\u00e9l\u00e8bre le Mandela Day en l&rsquo;honneur de Nelson Mandela, l&rsquo;ic\u00f4ne de la lutte contre l&rsquo;apartheid et le premier pr\u00e9sident d\u00e9mocratiquement \u00e9lu de l&rsquo;Afrique du Sud. Cette journ\u00e9e est plus qu&rsquo;une simple comm\u00e9moration ; elle incarne l&rsquo;esprit de service, de compassion et de solidarit\u00e9 qui a marqu\u00e9 la vie de Mandela. Initi\u00e9e par les Nations Unies en 2009, la Journ\u00e9e internationale Nelson Mandela vise \u00e0 encourager les individus \u00e0 consacrer 67 minutes de leur temps \u00e0 aider autrui, symbolisant les 67 ann\u00e9es que Mandela a consacr\u00e9es \u00e0 la lutte pour la justice sociale.&nbsp;<\/p>\n\n\n\n<figure class=\"wp-block-image size-large\"><img fetchpriority=\"high\" decoding=\"async\" width=\"1024\" height=\"854\" src=\"https:\/\/timuntutravel.com\/v3\/wp-content\/uploads\/2024\/07\/NMF-MandelaDay-Logo-REV-Slogan-Colour_W1400_H1167_Mcrop_upscale1_CZ1_I1_Q80_P50-50_WQ70-1-1024x854.jpg\" alt=\"Nelson Mandela Day\" class=\"wp-image-6963\" srcset=\"https:\/\/timuntutravel.com\/v3\/wp-content\/uploads\/2024\/07\/NMF-MandelaDay-Logo-REV-Slogan-Colour_W1400_H1167_Mcrop_upscale1_CZ1_I1_Q80_P50-50_WQ70-1-1024x854.jpg 1024w, https:\/\/timuntutravel.com\/v3\/wp-content\/uploads\/2024\/07\/NMF-MandelaDay-Logo-REV-Slogan-Colour_W1400_H1167_Mcrop_upscale1_CZ1_I1_Q80_P50-50_WQ70-1-300x250.jpg 300w, https:\/\/timuntutravel.com\/v3\/wp-content\/uploads\/2024\/07\/NMF-MandelaDay-Logo-REV-Slogan-Colour_W1400_H1167_Mcrop_upscale1_CZ1_I1_Q80_P50-50_WQ70-1-768x640.jpg 768w, https:\/\/timuntutravel.com\/v3\/wp-content\/uploads\/2024\/07\/NMF-MandelaDay-Logo-REV-Slogan-Colour_W1400_H1167_Mcrop_upscale1_CZ1_I1_Q80_P50-50_WQ70-1-600x500.jpg 600w, https:\/\/timuntutravel.com\/v3\/wp-content\/uploads\/2024\/07\/NMF-MandelaDay-Logo-REV-Slogan-Colour_W1400_H1167_Mcrop_upscale1_CZ1_I1_Q80_P50-50_WQ70-1-108x90.jpg 108w, https:\/\/timuntutravel.com\/v3\/wp-content\/uploads\/2024\/07\/NMF-MandelaDay-Logo-REV-Slogan-Colour_W1400_H1167_Mcrop_upscale1_CZ1_I1_Q80_P50-50_WQ70-1.jpg 1400w\" sizes=\"(max-width: 1024px) 100vw, 1024px\" \/><\/figure>\n\n\n\n<p>Nelson Mandela, n\u00e9 le 18 juillet 1918, est une figure centrale de l&rsquo;histoire moderne de l&rsquo;Afrique du Sud. Avocat de formation, Mandela s&rsquo;est engag\u00e9 tr\u00e8s t\u00f4t dans la lutte contre les in\u00e9galit\u00e9s raciales et l&rsquo;oppression du r\u00e9gime de l&rsquo;apartheid. En tant que membre de l&rsquo;African National Congress (ANC), il a jou\u00e9 un r\u00f4le crucial dans l&rsquo;organisation de manifestations, de campagnes de d\u00e9sob\u00e9issance civile et d&rsquo;actions arm\u00e9es contre le gouvernement s\u00e9gr\u00e9gationniste.&nbsp;<\/p>\n\n\n\n<p>En 1962, Mandela a \u00e9t\u00e9 arr\u00eat\u00e9 et condamn\u00e9 \u00e0 la prison \u00e0 vie lors du proc\u00e8s de Rivonia. Il a pass\u00e9 27 ans en prison, dont la plupart sur l&rsquo;\u00eele de Robben Island. Sa lib\u00e9ration en 1990 a marqu\u00e9 le d\u00e9but d&rsquo;une transition historique vers la d\u00e9mocratie en Afrique du Sud. En 1994, Mandela est devenu le premier pr\u00e9sident noir du pays, mettant fin \u00e0 des d\u00e9cennies de domination blanche et jetant les bases d&rsquo;une soci\u00e9t\u00e9 plus \u00e9galitaire.&nbsp;<\/p>\n\n\n\n<figure class=\"wp-block-image size-large\"><img decoding=\"async\" width=\"1024\" height=\"768\" src=\"https:\/\/timuntutravel.com\/v3\/wp-content\/uploads\/2024\/07\/IMG_20170423_100457-1024x768.jpg\" alt=\"Visite de l'\u00eele de Robben Island, Cape Town, Afrique du Sud\" class=\"wp-image-6970\" srcset=\"https:\/\/timuntutravel.com\/v3\/wp-content\/uploads\/2024\/07\/IMG_20170423_100457-1024x768.jpg 1024w, https:\/\/timuntutravel.com\/v3\/wp-content\/uploads\/2024\/07\/IMG_20170423_100457-300x225.jpg 300w, https:\/\/timuntutravel.com\/v3\/wp-content\/uploads\/2024\/07\/IMG_20170423_100457-768x576.jpg 768w, https:\/\/timuntutravel.com\/v3\/wp-content\/uploads\/2024\/07\/IMG_20170423_100457-1536x1152.jpg 1536w, https:\/\/timuntutravel.com\/v3\/wp-content\/uploads\/2024\/07\/IMG_20170423_100457-2048x1536.jpg 2048w, https:\/\/timuntutravel.com\/v3\/wp-content\/uploads\/2024\/07\/IMG_20170423_100457-600x450.jpg 600w, https:\/\/timuntutravel.com\/v3\/wp-content\/uploads\/2024\/07\/IMG_20170423_100457-120x90.jpg 120w\" sizes=\"(max-width: 1024px) 100vw, 1024px\" \/><figcaption class=\"wp-element-caption\">Visite de l&rsquo;\u00eele de Robben Island, Cape Town, Afrique du Sud<\/figcaption><\/figure>\n\n\n\n<p>Le Mandela Day est une occasion de c\u00e9l\u00e9brer la vie et l&rsquo;h\u00e9ritage de Nelson Mandela \u00e0 travers des actes de service et de bont\u00e9. La journ\u00e9e est bas\u00e9e sur la conviction que chacun a la capacit\u00e9 de changer le monde, \u00e0 l&rsquo;instar de Mandela, en faisant preuve de courage, de compassion et de solidarit\u00e9. En consacrant 67 minutes de leur temps \u00e0 des activit\u00e9s b\u00e9n\u00e9fiques, les individus rendent hommage aux 67 ann\u00e9es de service public de Mandela.&nbsp;<\/p>\n\n\n\n<p>Les initiatives entreprises lors du Mandela Day sont diverses et vari\u00e9es. Elles peuvent inclure des activit\u00e9s de volontariat telles que le nettoyage des espaces publics, la plantation d&rsquo;arbres, l&rsquo;aide aux personnes \u00e2g\u00e9es, l&rsquo;organisation de collectes de fonds pour des \u0153uvres caritatives, et bien d&rsquo;autres actions visant \u00e0 am\u00e9liorer la communaut\u00e9 et \u00e0 promouvoir l&rsquo;harmonie sociale.&nbsp;<\/p>\n\n\n\n<p>En Afrique du Sud, le Mandela Day est une journ\u00e9e particuli\u00e8rement significative. Les Sud-Africains de toutes origines s&rsquo;unissent pour honorer l&rsquo;h\u00e9ritage de leur h\u00e9ros national en participant \u00e0 des initiatives communautaires. Les \u00e9coles, les entreprises, les organisations non gouvernementales et les particuliers s&rsquo;impliquent activement dans des projets visant \u00e0 am\u00e9liorer les conditions de vie des plus d\u00e9munis et \u00e0 renforcer les liens sociaux.&nbsp;<\/p>\n\n\n\n<figure class=\"wp-block-image size-large\"><img decoding=\"async\" width=\"1024\" height=\"768\" src=\"https:\/\/timuntutravel.com\/v3\/wp-content\/uploads\/2024\/07\/IMG_20170616_130217-1024x768.jpg\" alt=\"Journ\u00e9e solidaire avec les enfants de l'association The Shalk \u00e0 Soweto, Afrique du Sud\" class=\"wp-image-6965\" srcset=\"https:\/\/timuntutravel.com\/v3\/wp-content\/uploads\/2024\/07\/IMG_20170616_130217-1024x768.jpg 1024w, https:\/\/timuntutravel.com\/v3\/wp-content\/uploads\/2024\/07\/IMG_20170616_130217-300x225.jpg 300w, https:\/\/timuntutravel.com\/v3\/wp-content\/uploads\/2024\/07\/IMG_20170616_130217-768x576.jpg 768w, https:\/\/timuntutravel.com\/v3\/wp-content\/uploads\/2024\/07\/IMG_20170616_130217-1536x1152.jpg 1536w, https:\/\/timuntutravel.com\/v3\/wp-content\/uploads\/2024\/07\/IMG_20170616_130217-2048x1536.jpg 2048w, https:\/\/timuntutravel.com\/v3\/wp-content\/uploads\/2024\/07\/IMG_20170616_130217-600x450.jpg 600w, https:\/\/timuntutravel.com\/v3\/wp-content\/uploads\/2024\/07\/IMG_20170616_130217-120x90.jpg 120w\" sizes=\"(max-width: 1024px) 100vw, 1024px\" \/><figcaption class=\"wp-element-caption\">Journ\u00e9e solidaire avec les enfants de l&rsquo;association The Shalk \u00e0 Soweto, Afrique du Sud<\/figcaption><\/figure>\n\n\n\n<p>Des projets de grande envergure sont souvent lanc\u00e9s \u00e0 cette occasion, comme la construction de maisons pour les sans-abri, la r\u00e9novation d&rsquo;\u00e9coles, et la mise en place de programmes de sant\u00e9 pour les communaut\u00e9s d\u00e9favoris\u00e9es. Ces actions refl\u00e8tent les valeurs de justice sociale, d&rsquo;\u00e9galit\u00e9 et de respect pour la dignit\u00e9 humaine que Mandela a d\u00e9fendues tout au long de sa vie.<\/p>\n\n\n\n<p>Le Mandela Day a \u00e9galement une r\u00e9sonance mondiale, avec des millions de personnes \u00e0 travers le monde qui participent \u00e0 des actions caritatives et de volontariat. Des organisations internationales, des entreprises, des gouvernements et des individus s&rsquo;engagent \u00e0 consacrer du temps et des ressources \u00e0 des causes humanitaires et sociales.&nbsp;<\/p>\n\n\n\n<figure class=\"wp-block-image size-large\"><img loading=\"lazy\" decoding=\"async\" width=\"1024\" height=\"768\" src=\"https:\/\/timuntutravel.com\/v3\/wp-content\/uploads\/2024\/07\/IMG_20170616_160241-1024x768.jpg\" alt=\"L'association the Shalk a Soweto, Afrique du Sud\" class=\"wp-image-6964\" srcset=\"https:\/\/timuntutravel.com\/v3\/wp-content\/uploads\/2024\/07\/IMG_20170616_160241-1024x768.jpg 1024w, https:\/\/timuntutravel.com\/v3\/wp-content\/uploads\/2024\/07\/IMG_20170616_160241-300x225.jpg 300w, https:\/\/timuntutravel.com\/v3\/wp-content\/uploads\/2024\/07\/IMG_20170616_160241-768x576.jpg 768w, https:\/\/timuntutravel.com\/v3\/wp-content\/uploads\/2024\/07\/IMG_20170616_160241-1536x1152.jpg 1536w, https:\/\/timuntutravel.com\/v3\/wp-content\/uploads\/2024\/07\/IMG_20170616_160241-2048x1536.jpg 2048w, https:\/\/timuntutravel.com\/v3\/wp-content\/uploads\/2024\/07\/IMG_20170616_160241-600x450.jpg 600w, https:\/\/timuntutravel.com\/v3\/wp-content\/uploads\/2024\/07\/IMG_20170616_160241-120x90.jpg 120w\" sizes=\"(max-width: 1024px) 100vw, 1024px\" \/><figcaption class=\"wp-element-caption\">L&rsquo;association the Shalk a Soweto, Afrique du Sud<\/figcaption><\/figure>\n\n\n\n<p>La Journ\u00e9e internationale Nelson Mandela rappelle que l&rsquo;h\u00e9ritage de Mandela d\u00e9passe les fronti\u00e8res de l&rsquo;Afrique du Sud. Son message de paix, de r\u00e9conciliation et de justice continue d&rsquo;inspirer des g\u00e9n\u00e9rations enti\u00e8res \u00e0 lutter contre les in\u00e9galit\u00e9s et \u00e0 \u0153uvrer pour un monde&nbsp;meilleur. En participant au Mandela Day, chacun peut contribuer \u00e0 perp\u00e9tuer l&rsquo;esprit de service et de solidarit\u00e9 qui a caract\u00e9ris\u00e9 la vie de Mandela.&nbsp;<\/p>\n\n\n\n<p>Le Mandela Day est bien plus qu&rsquo;une simple journ\u00e9e de comm\u00e9moration ; c&rsquo;est un appel \u00e0 l&rsquo;action pour tous ceux qui croient en un monde plus juste et plus \u00e9quitable. En consacrant ne serait-ce que 67 minutes de leur temps \u00e0 aider autrui, les individus peuvent faire une diff\u00e9rence significative dans leurs communaut\u00e9s et honorer l&rsquo;h\u00e9ritage de Nelson Mandela. Alors que l&rsquo;Afrique du Sud et le reste du monde continuent de c\u00e9l\u00e9brer cette journ\u00e9e, l&rsquo;esprit de Mandela vit \u00e0 travers les actes de bont\u00e9 et de service, rappelant \u00e0 chacun le pouvoir de l&rsquo;action individuelle pour changer le monde. <\/p>\n\n\n\n<p>Pour en savoir plus sur l&rsquo;Afrique du sud, vient visiter l&rsquo;Afrique du Sud avec Timuntu Travel. Appelle-moi pour organiser ton voyage personnalis\u00e9 : <a href=\"https:\/\/timuntutravel.com\/v3\/devis\/\">Devis \u2013 Timuntu Travel<\/a>. A tr\u00e8s vite !<\/p>\n","protected":false},"excerpt":{"rendered":"<p>Chaque ann\u00e9e, le 18 juillet, le monde entier c\u00e9l\u00e8bre le Mandela Day en l&rsquo;honneur de Nelson Mandela, l&rsquo;ic\u00f4ne de la lutte contre l&rsquo;apartheid et le premier pr\u00e9sident d\u00e9mocratiquement \u00e9lu de l&rsquo;Afrique du Sud. Cette journ\u00e9e est plus qu&rsquo;une simple comm\u00e9moration ; elle incarne l&rsquo;esprit de service, de compassion et de solidarit\u00e9 qui a marqu\u00e9 la [&hellip;]<\/p>\n","protected":false},"author":4,"featured_media":6966,"comment_status":"open","ping_status":"open","sticky":false,"template":"","format":"standard","meta":{"_acf_changed":false,"_jet_sm_ready_style":"","_jet_sm_style":"","_jet_sm_controls_values":"","_jet_sm_fonts_collection":"","_jet_sm_fonts_links":"","footnotes":""},"categories":[1],"tags":[232],"class_list":["post-6961","post","type-post","status-publish","format-standard","has-post-thumbnail","hentry","category-uncategorized","tag-blog"],"acf":[],"yoast_head":"<!-- This site is optimized with the Yoast SEO plugin v25.4 - https:\/\/yoast.com\/wordpress\/plugins\/seo\/ -->\n<title>Mandela Day : Un Jour pour Honorer l&#039;H\u00e9ritage de Nelson Mandela\u00a0 - Timuntu Travel<\/title>\n<meta name=\"robots\" content=\"index, follow, max-snippet:-1, max-image-preview:large, max-video-preview:-1\" \/>\n<link rel=\"canonical\" href=\"https:\/\/timuntutravel.com\/v3\/mandela-day-un-jour-pour-honorer-lheritage-de-nelson-mandela\/\" \/>\n<meta property=\"og:locale\" content=\"fr_FR\" \/>\n<meta property=\"og:type\" content=\"article\" \/>\n<meta property=\"og:title\" content=\"Mandela Day : Un Jour pour Honorer l&#039;H\u00e9ritage de Nelson Mandela\u00a0 - Timuntu Travel\" \/>\n<meta property=\"og:description\" content=\"Chaque ann\u00e9e, le 18 juillet, le monde entier c\u00e9l\u00e8bre le Mandela Day en l&rsquo;honneur de Nelson Mandela, l&rsquo;ic\u00f4ne de la lutte contre l&rsquo;apartheid et le premier pr\u00e9sident d\u00e9mocratiquement \u00e9lu de l&rsquo;Afrique du Sud. Cette journ\u00e9e est plus qu&rsquo;une simple comm\u00e9moration ; elle incarne l&rsquo;esprit de service, de compassion et de solidarit\u00e9 qui a marqu\u00e9 la [&hellip;]\" \/>\n<meta property=\"og:url\" content=\"https:\/\/timuntutravel.com\/v3\/mandela-day-un-jour-pour-honorer-lheritage-de-nelson-mandela\/\" \/>\n<meta property=\"og:site_name\" content=\"Timuntu Travel\" \/>\n<meta property=\"article:published_time\" content=\"2024-07-18T08:44:09+00:00\" \/>\n<meta property=\"article:modified_time\" content=\"2024-07-18T10:22:28+00:00\" \/>\n<meta property=\"og:image\" content=\"https:\/\/timuntutravel.com\/v3\/wp-content\/uploads\/2024\/07\/IMG_20170424_110702-scaled.jpg\" \/>\n\t<meta property=\"og:image:width\" content=\"1920\" \/>\n\t<meta property=\"og:image:height\" content=\"2560\" \/>\n\t<meta property=\"og:image:type\" content=\"image\/jpeg\" \/>\n<meta name=\"author\" content=\"Rille\" \/>\n<meta name=\"twitter:card\" content=\"summary_large_image\" \/>\n<meta name=\"twitter:label1\" content=\"\u00c9crit par\" \/>\n\t<meta name=\"twitter:data1\" content=\"Rille\" \/>\n\t<meta name=\"twitter:label2\" content=\"Dur\u00e9e de lecture estim\u00e9e\" \/>\n\t<meta name=\"twitter:data2\" content=\"4 minutes\" \/>\n<script type=\"application\/ld+json\" class=\"yoast-schema-graph\">{\"@context\":\"https:\/\/schema.org\",\"@graph\":[{\"@type\":\"Article\",\"@id\":\"https:\/\/timuntutravel.com\/v3\/mandela-day-un-jour-pour-honorer-lheritage-de-nelson-mandela\/#article\",\"isPartOf\":{\"@id\":\"https:\/\/timuntutravel.com\/v3\/mandela-day-un-jour-pour-honorer-lheritage-de-nelson-mandela\/\"},\"author\":{\"name\":\"Rille\",\"@id\":\"https:\/\/timuntutravel.com\/#\/schema\/person\/8c025aac98a726185eeddfca9cef91da\"},\"headline\":\"Mandela Day : Un Jour pour Honorer l&rsquo;H\u00e9ritage de Nelson Mandela\u00a0\",\"datePublished\":\"2024-07-18T08:44:09+00:00\",\"dateModified\":\"2024-07-18T10:22:28+00:00\",\"mainEntityOfPage\":{\"@id\":\"https:\/\/timuntutravel.com\/v3\/mandela-day-un-jour-pour-honorer-lheritage-de-nelson-mandela\/\"},\"wordCount\":841,\"commentCount\":0,\"publisher\":{\"@id\":\"https:\/\/timuntutravel.com\/#organization\"},\"image\":{\"@id\":\"https:\/\/timuntutravel.com\/v3\/mandela-day-un-jour-pour-honorer-lheritage-de-nelson-mandela\/#primaryimage\"},\"thumbnailUrl\":\"https:\/\/timuntutravel.com\/v3\/wp-content\/uploads\/2024\/07\/IMG_20170424_110702-scaled.jpg\",\"keywords\":[\"blog\"],\"articleSection\":[\"Uncategorized\"],\"inLanguage\":\"fr-FR\",\"potentialAction\":[{\"@type\":\"CommentAction\",\"name\":\"Comment\",\"target\":[\"https:\/\/timuntutravel.com\/v3\/mandela-day-un-jour-pour-honorer-lheritage-de-nelson-mandela\/#respond\"]}]},{\"@type\":\"WebPage\",\"@id\":\"https:\/\/timuntutravel.com\/v3\/mandela-day-un-jour-pour-honorer-lheritage-de-nelson-mandela\/\",\"url\":\"https:\/\/timuntutravel.com\/v3\/mandela-day-un-jour-pour-honorer-lheritage-de-nelson-mandela\/\",\"name\":\"Mandela Day : Un Jour pour Honorer l'H\u00e9ritage de Nelson Mandela\u00a0 - Timuntu Travel\",\"isPartOf\":{\"@id\":\"https:\/\/timuntutravel.com\/#website\"},\"primaryImageOfPage\":{\"@id\":\"https:\/\/timuntutravel.com\/v3\/mandela-day-un-jour-pour-honorer-lheritage-de-nelson-mandela\/#primaryimage\"},\"image\":{\"@id\":\"https:\/\/timuntutravel.com\/v3\/mandela-day-un-jour-pour-honorer-lheritage-de-nelson-mandela\/#primaryimage\"},\"thumbnailUrl\":\"https:\/\/timuntutravel.com\/v3\/wp-content\/uploads\/2024\/07\/IMG_20170424_110702-scaled.jpg\",\"datePublished\":\"2024-07-18T08:44:09+00:00\",\"dateModified\":\"2024-07-18T10:22:28+00:00\",\"breadcrumb\":{\"@id\":\"https:\/\/timuntutravel.com\/v3\/mandela-day-un-jour-pour-honorer-lheritage-de-nelson-mandela\/#breadcrumb\"},\"inLanguage\":\"fr-FR\",\"potentialAction\":[{\"@type\":\"ReadAction\",\"target\":[\"https:\/\/timuntutravel.com\/v3\/mandela-day-un-jour-pour-honorer-lheritage-de-nelson-mandela\/\"]}]},{\"@type\":\"ImageObject\",\"inLanguage\":\"fr-FR\",\"@id\":\"https:\/\/timuntutravel.com\/v3\/mandela-day-un-jour-pour-honorer-lheritage-de-nelson-mandela\/#primaryimage\",\"url\":\"https:\/\/timuntutravel.com\/v3\/wp-content\/uploads\/2024\/07\/IMG_20170424_110702-scaled.jpg\",\"contentUrl\":\"https:\/\/timuntutravel.com\/v3\/wp-content\/uploads\/2024\/07\/IMG_20170424_110702-scaled.jpg\",\"width\":1920,\"height\":2560,\"caption\":\"cof\"},{\"@type\":\"BreadcrumbList\",\"@id\":\"https:\/\/timuntutravel.com\/v3\/mandela-day-un-jour-pour-honorer-lheritage-de-nelson-mandela\/#breadcrumb\",\"itemListElement\":[{\"@type\":\"ListItem\",\"position\":1,\"name\":\"Accueil\",\"item\":\"https:\/\/timuntutravel.com\/v3\/\"},{\"@type\":\"ListItem\",\"position\":2,\"name\":\"Mandela Day : Un Jour pour Honorer l&rsquo;H\u00e9ritage de Nelson Mandela\u00a0\"}]},{\"@type\":\"WebSite\",\"@id\":\"https:\/\/timuntutravel.com\/#website\",\"url\":\"https:\/\/timuntutravel.com\/\",\"name\":\"Timuntu Travel\",\"description\":\"Timuntu Travel\",\"publisher\":{\"@id\":\"https:\/\/timuntutravel.com\/#organization\"},\"potentialAction\":[{\"@type\":\"SearchAction\",\"target\":{\"@type\":\"EntryPoint\",\"urlTemplate\":\"https:\/\/timuntutravel.com\/?s={search_term_string}\"},\"query-input\":{\"@type\":\"PropertyValueSpecification\",\"valueRequired\":true,\"valueName\":\"search_term_string\"}}],\"inLanguage\":\"fr-FR\"},{\"@type\":\"Organization\",\"@id\":\"https:\/\/timuntutravel.com\/#organization\",\"name\":\"Timuntu Travel\",\"url\":\"https:\/\/timuntutravel.com\/\",\"logo\":{\"@type\":\"ImageObject\",\"inLanguage\":\"fr-FR\",\"@id\":\"https:\/\/timuntutravel.com\/#\/schema\/logo\/image\/\",\"url\":\"https:\/\/timuntutravel.com\/v3\/wp-content\/uploads\/2022\/04\/Original.png\",\"contentUrl\":\"https:\/\/timuntutravel.com\/v3\/wp-content\/uploads\/2022\/04\/Original.png\",\"width\":800,\"height\":361,\"caption\":\"Timuntu Travel\"},\"image\":{\"@id\":\"https:\/\/timuntutravel.com\/#\/schema\/logo\/image\/\"}},{\"@type\":\"Person\",\"@id\":\"https:\/\/timuntutravel.com\/#\/schema\/person\/8c025aac98a726185eeddfca9cef91da\",\"name\":\"Rille\",\"image\":{\"@type\":\"ImageObject\",\"inLanguage\":\"fr-FR\",\"@id\":\"https:\/\/timuntutravel.com\/#\/schema\/person\/image\/\",\"url\":\"https:\/\/secure.gravatar.com\/avatar\/db84b47a60e88ebf43497a6487897b4931f1d9d09846c673d10a6dc8d3bbe399?s=96&d=mm&r=g\",\"contentUrl\":\"https:\/\/secure.gravatar.com\/avatar\/db84b47a60e88ebf43497a6487897b4931f1d9d09846c673d10a6dc8d3bbe399?s=96&d=mm&r=g\",\"caption\":\"Rille\"}}]}<\/script>\n<!-- \/ Yoast SEO plugin. -->","yoast_head_json":{"title":"Mandela Day : Un Jour pour Honorer l'H\u00e9ritage de Nelson Mandela\u00a0 - Timuntu Travel","robots":{"index":"index","follow":"follow","max-snippet":"max-snippet:-1","max-image-preview":"max-image-preview:large","max-video-preview":"max-video-preview:-1"},"canonical":"https:\/\/timuntutravel.com\/v3\/mandela-day-un-jour-pour-honorer-lheritage-de-nelson-mandela\/","og_locale":"fr_FR","og_type":"article","og_title":"Mandela Day : Un Jour pour Honorer l'H\u00e9ritage de Nelson Mandela\u00a0 - Timuntu Travel","og_description":"Chaque ann\u00e9e, le 18 juillet, le monde entier c\u00e9l\u00e8bre le Mandela Day en l&rsquo;honneur de Nelson Mandela, l&rsquo;ic\u00f4ne de la lutte contre l&rsquo;apartheid et le premier pr\u00e9sident d\u00e9mocratiquement \u00e9lu de l&rsquo;Afrique du Sud. Cette journ\u00e9e est plus qu&rsquo;une simple comm\u00e9moration ; elle incarne l&rsquo;esprit de service, de compassion et de solidarit\u00e9 qui a marqu\u00e9 la [&hellip;]","og_url":"https:\/\/timuntutravel.com\/v3\/mandela-day-un-jour-pour-honorer-lheritage-de-nelson-mandela\/","og_site_name":"Timuntu Travel","article_published_time":"2024-07-18T08:44:09+00:00","article_modified_time":"2024-07-18T10:22:28+00:00","og_image":[{"width":1920,"height":2560,"url":"https:\/\/timuntutravel.com\/v3\/wp-content\/uploads\/2024\/07\/IMG_20170424_110702-scaled.jpg","type":"image\/jpeg"}],"author":"Rille","twitter_card":"summary_large_image","twitter_misc":{"\u00c9crit par":"Rille","Dur\u00e9e de lecture estim\u00e9e":"4 minutes"},"schema":{"@context":"https:\/\/schema.org","@graph":[{"@type":"Article","@id":"https:\/\/timuntutravel.com\/v3\/mandela-day-un-jour-pour-honorer-lheritage-de-nelson-mandela\/#article","isPartOf":{"@id":"https:\/\/timuntutravel.com\/v3\/mandela-day-un-jour-pour-honorer-lheritage-de-nelson-mandela\/"},"author":{"name":"Rille","@id":"https:\/\/timuntutravel.com\/#\/schema\/person\/8c025aac98a726185eeddfca9cef91da"},"headline":"Mandela Day : Un Jour pour Honorer l&rsquo;H\u00e9ritage de Nelson Mandela\u00a0","datePublished":"2024-07-18T08:44:09+00:00","dateModified":"2024-07-18T10:22:28+00:00","mainEntityOfPage":{"@id":"https:\/\/timuntutravel.com\/v3\/mandela-day-un-jour-pour-honorer-lheritage-de-nelson-mandela\/"},"wordCount":841,"commentCount":0,"publisher":{"@id":"https:\/\/timuntutravel.com\/#organization"},"image":{"@id":"https:\/\/timuntutravel.com\/v3\/mandela-day-un-jour-pour-honorer-lheritage-de-nelson-mandela\/#primaryimage"},"thumbnailUrl":"https:\/\/timuntutravel.com\/v3\/wp-content\/uploads\/2024\/07\/IMG_20170424_110702-scaled.jpg","keywords":["blog"],"articleSection":["Uncategorized"],"inLanguage":"fr-FR","potentialAction":[{"@type":"CommentAction","name":"Comment","target":["https:\/\/timuntutravel.com\/v3\/mandela-day-un-jour-pour-honorer-lheritage-de-nelson-mandela\/#respond"]}]},{"@type":"WebPage","@id":"https:\/\/timuntutravel.com\/v3\/mandela-day-un-jour-pour-honorer-lheritage-de-nelson-mandela\/","url":"https:\/\/timuntutravel.com\/v3\/mandela-day-un-jour-pour-honorer-lheritage-de-nelson-mandela\/","name":"Mandela Day : Un Jour pour Honorer l'H\u00e9ritage de Nelson Mandela\u00a0 - Timuntu Travel","isPartOf":{"@id":"https:\/\/timuntutravel.com\/#website"},"primaryImageOfPage":{"@id":"https:\/\/timuntutravel.com\/v3\/mandela-day-un-jour-pour-honorer-lheritage-de-nelson-mandela\/#primaryimage"},"image":{"@id":"https:\/\/timuntutravel.com\/v3\/mandela-day-un-jour-pour-honorer-lheritage-de-nelson-mandela\/#primaryimage"},"thumbnailUrl":"https:\/\/timuntutravel.com\/v3\/wp-content\/uploads\/2024\/07\/IMG_20170424_110702-scaled.jpg","datePublished":"2024-07-18T08:44:09+00:00","dateModified":"2024-07-18T10:22:28+00:00","breadcrumb":{"@id":"https:\/\/timuntutravel.com\/v3\/mandela-day-un-jour-pour-honorer-lheritage-de-nelson-mandela\/#breadcrumb"},"inLanguage":"fr-FR","potentialAction":[{"@type":"ReadAction","target":["https:\/\/timuntutravel.com\/v3\/mandela-day-un-jour-pour-honorer-lheritage-de-nelson-mandela\/"]}]},{"@type":"ImageObject","inLanguage":"fr-FR","@id":"https:\/\/timuntutravel.com\/v3\/mandela-day-un-jour-pour-honorer-lheritage-de-nelson-mandela\/#primaryimage","url":"https:\/\/timuntutravel.com\/v3\/wp-content\/uploads\/2024\/07\/IMG_20170424_110702-scaled.jpg","contentUrl":"https:\/\/timuntutravel.com\/v3\/wp-content\/uploads\/2024\/07\/IMG_20170424_110702-scaled.jpg","width":1920,"height":2560,"caption":"cof"},{"@type":"BreadcrumbList","@id":"https:\/\/timuntutravel.com\/v3\/mandela-day-un-jour-pour-honorer-lheritage-de-nelson-mandela\/#breadcrumb","itemListElement":[{"@type":"ListItem","position":1,"name":"Accueil","item":"https:\/\/timuntutravel.com\/v3\/"},{"@type":"ListItem","position":2,"name":"Mandela Day : Un Jour pour Honorer l&rsquo;H\u00e9ritage de Nelson Mandela\u00a0"}]},{"@type":"WebSite","@id":"https:\/\/timuntutravel.com\/#website","url":"https:\/\/timuntutravel.com\/","name":"Timuntu Travel","description":"Timuntu Travel","publisher":{"@id":"https:\/\/timuntutravel.com\/#organization"},"potentialAction":[{"@type":"SearchAction","target":{"@type":"EntryPoint","urlTemplate":"https:\/\/timuntutravel.com\/?s={search_term_string}"},"query-input":{"@type":"PropertyValueSpecification","valueRequired":true,"valueName":"search_term_string"}}],"inLanguage":"fr-FR"},{"@type":"Organization","@id":"https:\/\/timuntutravel.com\/#organization","name":"Timuntu Travel","url":"https:\/\/timuntutravel.com\/","logo":{"@type":"ImageObject","inLanguage":"fr-FR","@id":"https:\/\/timuntutravel.com\/#\/schema\/logo\/image\/","url":"https:\/\/timuntutravel.com\/v3\/wp-content\/uploads\/2022\/04\/Original.png","contentUrl":"https:\/\/timuntutravel.com\/v3\/wp-content\/uploads\/2022\/04\/Original.png","width":800,"height":361,"caption":"Timuntu Travel"},"image":{"@id":"https:\/\/timuntutravel.com\/#\/schema\/logo\/image\/"}},{"@type":"Person","@id":"https:\/\/timuntutravel.com\/#\/schema\/person\/8c025aac98a726185eeddfca9cef91da","name":"Rille","image":{"@type":"ImageObject","inLanguage":"fr-FR","@id":"https:\/\/timuntutravel.com\/#\/schema\/person\/image\/","url":"https:\/\/secure.gravatar.com\/avatar\/db84b47a60e88ebf43497a6487897b4931f1d9d09846c673d10a6dc8d3bbe399?s=96&d=mm&r=g","contentUrl":"https:\/\/secure.gravatar.com\/avatar\/db84b47a60e88ebf43497a6487897b4931f1d9d09846c673d10a6dc8d3bbe399?s=96&d=mm&r=g","caption":"Rille"}}]}},"_links":{"self":[{"href":"https:\/\/timuntutravel.com\/v3\/wp-json\/wp\/v2\/posts\/6961","targetHints":{"allow":["GET"]}}],"collection":[{"href":"https:\/\/timuntutravel.com\/v3\/wp-json\/wp\/v2\/posts"}],"about":[{"href":"https:\/\/timuntutravel.com\/v3\/wp-json\/wp\/v2\/types\/post"}],"author":[{"embeddable":true,"href":"https:\/\/timuntutravel.com\/v3\/wp-json\/wp\/v2\/users\/4"}],"replies":[{"embeddable":true,"href":"https:\/\/timuntutravel.com\/v3\/wp-json\/wp\/v2\/comments?post=6961"}],"version-history":[{"count":4,"href":"https:\/\/timuntutravel.com\/v3\/wp-json\/wp\/v2\/posts\/6961\/revisions"}],"predecessor-version":[{"id":6973,"href":"https:\/\/timuntutravel.com\/v3\/wp-json\/wp\/v2\/posts\/6961\/revisions\/6973"}],"wp:featuredmedia":[{"embeddable":true,"href":"https:\/\/timuntutravel.com\/v3\/wp-json\/wp\/v2\/media\/6966"}],"wp:attachment":[{"href":"https:\/\/timuntutravel.com\/v3\/wp-json\/wp\/v2\/media?parent=6961"}],"wp:term":[{"taxonomy":"category","embeddable":true,"href":"https:\/\/timuntutravel.com\/v3\/wp-json\/wp\/v2\/categories?post=6961"},{"taxonomy":"post_tag","embeddable":true,"href":"https:\/\/timuntutravel.com\/v3\/wp-json\/wp\/v2\/tags?post=6961"}],"curies":[{"name":"wp","href":"https:\/\/api.w.org\/{rel}","templated":true}]}}