{"id":7009,"date":"2024-10-03T09:00:00","date_gmt":"2024-10-03T07:00:00","guid":{"rendered":"https:\/\/timuntutravel.com\/v3\/?p=7009"},"modified":"2024-08-29T10:12:31","modified_gmt":"2024-08-29T08:12:31","slug":"amilcar-cabral-et-son-role-dans-lindependance-du-cap-vert","status":"publish","type":"post","link":"https:\/\/timuntutravel.com\/v3\/amilcar-cabral-et-son-role-dans-lindependance-du-cap-vert\/","title":{"rendered":"Am\u00edlcar Cabral et Son R\u00f4le dans l&rsquo;Ind\u00e9pendance du Cap-Vert"},"content":{"rendered":"\n<p>Am\u00edlcar Cabral est une figure embl\u00e9matique de l&rsquo;histoire du Cap-Vert et de la Guin\u00e9e-Bissau. R\u00e9volutionnaire, penseur et leader politique, Cabral a jou\u00e9 un r\u00f4le crucial dans la lutte pour l&rsquo;ind\u00e9pendance de ces deux nations de la domination coloniale portugaise. Son h\u00e9ritage reste profond\u00e9ment ancr\u00e9 dans les m\u00e9moires capverdienne et bissau-guin\u00e9enne, et il est souvent c\u00e9l\u00e9br\u00e9 comme l&rsquo;un des grands architectes de la d\u00e9colonisation africaine.\u00a0<\/p>\n\n\n\n<p>Am\u00edlcar Cabral est n\u00e9 le 12 septembre 1924 \u00e0 Bafat\u00e1, en Guin\u00e9e-Bissau, mais il \u00e9tait d&rsquo;origine capverdienne par son p\u00e8re, originaire de l&rsquo;\u00eele de Santiago. Tr\u00e8s t\u00f4t, Cabral a montr\u00e9 un grand int\u00e9r\u00eat pour l&rsquo;\u00e9ducation et a poursuivi des \u00e9tudes sup\u00e9rieures en agronomie \u00e0 l&rsquo;Institut Sup\u00e9rieur d&rsquo;Agronomie de Lisbonne, au Portugal. Durant ses ann\u00e9es universitaires, il s&rsquo;implique dans des mouvements \u00e9tudiants anticoloniaux, ce qui fa\u00e7onnera sa vision et son engagement pour l&rsquo;ind\u00e9pendance de son pays.&nbsp;<\/p>\n\n\n\n<figure class=\"wp-block-image size-large\"><img fetchpriority=\"high\" decoding=\"async\" width=\"771\" height=\"1024\" src=\"https:\/\/timuntutravel.com\/v3\/wp-content\/uploads\/2024\/07\/IMG_20221025_160148-771x1024.jpg\" alt=\"\" class=\"wp-image-7011\" srcset=\"https:\/\/timuntutravel.com\/v3\/wp-content\/uploads\/2024\/07\/IMG_20221025_160148-771x1024.jpg 771w, https:\/\/timuntutravel.com\/v3\/wp-content\/uploads\/2024\/07\/IMG_20221025_160148-226x300.jpg 226w, https:\/\/timuntutravel.com\/v3\/wp-content\/uploads\/2024\/07\/IMG_20221025_160148-768x1020.jpg 768w, https:\/\/timuntutravel.com\/v3\/wp-content\/uploads\/2024\/07\/IMG_20221025_160148-1157x1536.jpg 1157w, https:\/\/timuntutravel.com\/v3\/wp-content\/uploads\/2024\/07\/IMG_20221025_160148-1542x2048.jpg 1542w, https:\/\/timuntutravel.com\/v3\/wp-content\/uploads\/2024\/07\/IMG_20221025_160148-600x797.jpg 600w, https:\/\/timuntutravel.com\/v3\/wp-content\/uploads\/2024\/07\/IMG_20221025_160148-68x90.jpg 68w, https:\/\/timuntutravel.com\/v3\/wp-content\/uploads\/2024\/07\/IMG_20221025_160148-scaled.jpg 1928w\" sizes=\"(max-width: 771px) 100vw, 771px\" \/><\/figure>\n\n\n\n<p>En 1956, <a href=\"https:\/\/www.youtube.com\/watch?v=_O-obP3r6Hw\">Am\u00edlcar Cabral<\/a> fonde le Parti Africain pour l&rsquo;Ind\u00e9pendance de la Guin\u00e9e et du Cap-Vert (PAIGC). Le PAIGC a pour objectif de lutter contre la domination coloniale portugaise et de mener les peuples de la Guin\u00e9e-Bissau et du Cap-Vert \u00e0 l&rsquo;ind\u00e9pendance. Sous la direction de Cabral, le PAIGC adopte une strat\u00e9gie de gu\u00e9rilla, combinant des actions militaires et une mobilisation politique pour atteindre ses objectifs.\u00a0<\/p>\n\n\n\n<p>Cabral \u00e9tait non seulement un chef militaire, mais aussi un intellectuel et un strat\u00e8ge politique. Il croyait fermement en l&rsquo;importance de la conscience nationale et de l&rsquo;\u00e9ducation politique. Cabral insistait sur le fait que la lutte pour l&rsquo;ind\u00e9pendance devait \u00eatre soutenue par une profonde compr\u00e9hension des r\u00e9alit\u00e9s sociales, \u00e9conomiques et culturelles des peuples concern\u00e9s. Son approche int\u00e9grait des aspects de d\u00e9veloppement rural et de r\u00e9forme agraire, visant \u00e0 am\u00e9liorer les conditions de vie des populations locales tout en combattant l&rsquo;occupant colonial.&nbsp;<\/p>\n\n\n\n<p>Sous la direction de Cabral, le PAIGC a lanc\u00e9 une campagne de gu\u00e9rilla en Guin\u00e9e-Bissau \u00e0 partir de 1963. La lutte arm\u00e9e \u00e9tait caract\u00e9ris\u00e9e par des embuscades, des sabotages et des attaques contre les forces coloniales portugaises. Malgr\u00e9 des ressources limit\u00e9es, le PAIGC\u00a0a r\u00e9ussi \u00e0 contr\u00f4ler une grande partie du territoire rural en Guin\u00e9e-Bissau, \u00e9tablissant des zones lib\u00e9r\u00e9es o\u00f9 ils mettaient en place des structures administratives et \u00e9ducatives.\u00a0<\/p>\n\n\n\n<p>Le 20 janvier 1973, Am\u00edlcar Cabral est assassin\u00e9 \u00e0 Conakry, en Guin\u00e9e, par des membres dissidents du PAIGC. Sa mort est un coup dur pour le mouvement ind\u00e9pendantiste, mais elle ne freine pas l&rsquo;\u00e9lan vers la libert\u00e9. En septembre 1973, la Guin\u00e9e-Bissau d\u00e9clare unilat\u00e9ralement son ind\u00e9pendance, une ind\u00e9pendance qui sera reconnue internationalement en 1974 apr\u00e8s la r\u00e9volution des \u0152illets au Portugal. Le Cap-Vert obtient son ind\u00e9pendance le 5 juillet 1975.&nbsp;<\/p>\n\n\n\n<figure class=\"wp-block-image size-large\"><img decoding=\"async\" width=\"1024\" height=\"771\" src=\"https:\/\/timuntutravel.com\/v3\/wp-content\/uploads\/2024\/07\/IMG_20221025_145626-1024x771.jpg\" alt=\"\" class=\"wp-image-7012\" srcset=\"https:\/\/timuntutravel.com\/v3\/wp-content\/uploads\/2024\/07\/IMG_20221025_145626-1024x771.jpg 1024w, https:\/\/timuntutravel.com\/v3\/wp-content\/uploads\/2024\/07\/IMG_20221025_145626-300x226.jpg 300w, https:\/\/timuntutravel.com\/v3\/wp-content\/uploads\/2024\/07\/IMG_20221025_145626-768x578.jpg 768w, https:\/\/timuntutravel.com\/v3\/wp-content\/uploads\/2024\/07\/IMG_20221025_145626-1536x1157.jpg 1536w, https:\/\/timuntutravel.com\/v3\/wp-content\/uploads\/2024\/07\/IMG_20221025_145626-2048x1542.jpg 2048w, https:\/\/timuntutravel.com\/v3\/wp-content\/uploads\/2024\/07\/IMG_20221025_145626-600x452.jpg 600w, https:\/\/timuntutravel.com\/v3\/wp-content\/uploads\/2024\/07\/IMG_20221025_145626-120x90.jpg 120w\" sizes=\"(max-width: 1024px) 100vw, 1024px\" \/><\/figure>\n\n\n\n<p>Am\u00edlcar Cabral reste <a href=\"https:\/\/www.bing.com\/videos\/riverview\/relatedvideo?q=le+mus%C3%A9e+amilcal+cabral+praia&amp;mid=265933A69BE5F9D0BC3F265933A69BE5F9D0BC3F&amp;FORM=VIRE\">une figure incontournable dans l&rsquo;histoire du Cap-Vert et de la Guin\u00e9e-Bissau<\/a>. Son engagement, sa vision et ses strat\u00e9gies ont non seulement conduit \u00e0 l&rsquo;ind\u00e9pendance de ces deux nations, mais ont aussi laiss\u00e9 un h\u00e9ritage durable de lutte pour la justice, l&rsquo;\u00e9galit\u00e9 et le d\u00e9veloppement. Cabral est c\u00e9l\u00e9br\u00e9 non seulement comme un h\u00e9ros national, mais aussi comme un penseur et un leader dont l&rsquo;influence d\u00e9passe les fronti\u00e8res de son pays. Son \u0153uvre continue d&rsquo;inspirer les mouvements de lib\u00e9ration et les d\u00e9fenseurs des droits humains \u00e0 travers le monde. As-tu d\u00e9j\u00e0 eu l&rsquo;occasion de visiter la Maison mus\u00e9e Am\u00edlcar Cabral (Sala-Museu Amilcar Cabral) ? Rejoins-nous au <a href=\"https:\/\/timuntutravel.com\/v3\/tour\/du-desert-au-volcan\/\">Cap Vert <\/a>pour une immersion pas comme les autres. <\/p>\n","protected":false},"excerpt":{"rendered":"<p>Am\u00edlcar Cabral est une figure embl\u00e9matique de l&rsquo;histoire du Cap-Vert et de la Guin\u00e9e-Bissau. R\u00e9volutionnaire, penseur et leader politique, Cabral a jou\u00e9 un r\u00f4le crucial dans la lutte pour l&rsquo;ind\u00e9pendance de ces deux nations de la domination coloniale portugaise. Son h\u00e9ritage reste profond\u00e9ment ancr\u00e9 dans les m\u00e9moires capverdienne et bissau-guin\u00e9enne, et il est souvent c\u00e9l\u00e9br\u00e9 [&hellip;]<\/p>\n","protected":false},"author":4,"featured_media":7010,"comment_status":"closed","ping_status":"open","sticky":false,"template":"","format":"standard","meta":{"_acf_changed":false,"_jet_sm_ready_style":"","_jet_sm_style":"","_jet_sm_controls_values":"","_jet_sm_fonts_collection":"","_jet_sm_fonts_links":"","footnotes":""},"categories":[1],"tags":[232],"class_list":["post-7009","post","type-post","status-publish","format-standard","has-post-thumbnail","hentry","category-uncategorized","tag-blog"],"acf":[],"yoast_head":"<!-- This site is optimized with the Yoast SEO plugin v25.4 - https:\/\/yoast.com\/wordpress\/plugins\/seo\/ -->\n<title>Am\u00edlcar Cabral et Son R\u00f4le dans l&#039;Ind\u00e9pendance du Cap-Vert - Timuntu Travel<\/title>\n<meta name=\"robots\" content=\"index, follow, max-snippet:-1, max-image-preview:large, max-video-preview:-1\" \/>\n<link rel=\"canonical\" href=\"https:\/\/timuntutravel.com\/v3\/amilcar-cabral-et-son-role-dans-lindependance-du-cap-vert\/\" \/>\n<meta property=\"og:locale\" content=\"fr_FR\" \/>\n<meta property=\"og:type\" content=\"article\" \/>\n<meta property=\"og:title\" content=\"Am\u00edlcar Cabral et Son R\u00f4le dans l&#039;Ind\u00e9pendance du Cap-Vert - Timuntu Travel\" \/>\n<meta property=\"og:description\" content=\"Am\u00edlcar Cabral est une figure embl\u00e9matique de l&rsquo;histoire du Cap-Vert et de la Guin\u00e9e-Bissau. R\u00e9volutionnaire, penseur et leader politique, Cabral a jou\u00e9 un r\u00f4le crucial dans la lutte pour l&rsquo;ind\u00e9pendance de ces deux nations de la domination coloniale portugaise. Son h\u00e9ritage reste profond\u00e9ment ancr\u00e9 dans les m\u00e9moires capverdienne et bissau-guin\u00e9enne, et il est souvent c\u00e9l\u00e9br\u00e9 [&hellip;]\" \/>\n<meta property=\"og:url\" content=\"https:\/\/timuntutravel.com\/v3\/amilcar-cabral-et-son-role-dans-lindependance-du-cap-vert\/\" \/>\n<meta property=\"og:site_name\" content=\"Timuntu Travel\" \/>\n<meta property=\"article:published_time\" content=\"2024-10-03T07:00:00+00:00\" \/>\n<meta property=\"og:image\" content=\"https:\/\/timuntutravel.com\/v3\/wp-content\/uploads\/2024\/07\/IMG_5908.jpeg\" \/>\n\t<meta property=\"og:image:width\" content=\"2048\" \/>\n\t<meta property=\"og:image:height\" content=\"1536\" \/>\n\t<meta property=\"og:image:type\" content=\"image\/jpeg\" \/>\n<meta name=\"author\" content=\"Rille\" \/>\n<meta name=\"twitter:card\" content=\"summary_large_image\" \/>\n<meta name=\"twitter:label1\" content=\"\u00c9crit par\" \/>\n\t<meta name=\"twitter:data1\" content=\"Rille\" \/>\n\t<meta name=\"twitter:label2\" content=\"Dur\u00e9e de lecture estim\u00e9e\" \/>\n\t<meta name=\"twitter:data2\" content=\"3 minutes\" \/>\n<script type=\"application\/ld+json\" class=\"yoast-schema-graph\">{\"@context\":\"https:\/\/schema.org\",\"@graph\":[{\"@type\":\"Article\",\"@id\":\"https:\/\/timuntutravel.com\/v3\/amilcar-cabral-et-son-role-dans-lindependance-du-cap-vert\/#article\",\"isPartOf\":{\"@id\":\"https:\/\/timuntutravel.com\/v3\/amilcar-cabral-et-son-role-dans-lindependance-du-cap-vert\/\"},\"author\":{\"name\":\"Rille\",\"@id\":\"https:\/\/timuntutravel.com\/#\/schema\/person\/8c025aac98a726185eeddfca9cef91da\"},\"headline\":\"Am\u00edlcar Cabral et Son R\u00f4le dans l&rsquo;Ind\u00e9pendance du Cap-Vert\",\"datePublished\":\"2024-10-03T07:00:00+00:00\",\"mainEntityOfPage\":{\"@id\":\"https:\/\/timuntutravel.com\/v3\/amilcar-cabral-et-son-role-dans-lindependance-du-cap-vert\/\"},\"wordCount\":621,\"publisher\":{\"@id\":\"https:\/\/timuntutravel.com\/#organization\"},\"image\":{\"@id\":\"https:\/\/timuntutravel.com\/v3\/amilcar-cabral-et-son-role-dans-lindependance-du-cap-vert\/#primaryimage\"},\"thumbnailUrl\":\"https:\/\/timuntutravel.com\/v3\/wp-content\/uploads\/2024\/07\/IMG_5908.jpeg\",\"keywords\":[\"blog\"],\"articleSection\":[\"Uncategorized\"],\"inLanguage\":\"fr-FR\"},{\"@type\":\"WebPage\",\"@id\":\"https:\/\/timuntutravel.com\/v3\/amilcar-cabral-et-son-role-dans-lindependance-du-cap-vert\/\",\"url\":\"https:\/\/timuntutravel.com\/v3\/amilcar-cabral-et-son-role-dans-lindependance-du-cap-vert\/\",\"name\":\"Am\u00edlcar Cabral et Son R\u00f4le dans l'Ind\u00e9pendance du Cap-Vert - Timuntu Travel\",\"isPartOf\":{\"@id\":\"https:\/\/timuntutravel.com\/#website\"},\"primaryImageOfPage\":{\"@id\":\"https:\/\/timuntutravel.com\/v3\/amilcar-cabral-et-son-role-dans-lindependance-du-cap-vert\/#primaryimage\"},\"image\":{\"@id\":\"https:\/\/timuntutravel.com\/v3\/amilcar-cabral-et-son-role-dans-lindependance-du-cap-vert\/#primaryimage\"},\"thumbnailUrl\":\"https:\/\/timuntutravel.com\/v3\/wp-content\/uploads\/2024\/07\/IMG_5908.jpeg\",\"datePublished\":\"2024-10-03T07:00:00+00:00\",\"breadcrumb\":{\"@id\":\"https:\/\/timuntutravel.com\/v3\/amilcar-cabral-et-son-role-dans-lindependance-du-cap-vert\/#breadcrumb\"},\"inLanguage\":\"fr-FR\",\"potentialAction\":[{\"@type\":\"ReadAction\",\"target\":[\"https:\/\/timuntutravel.com\/v3\/amilcar-cabral-et-son-role-dans-lindependance-du-cap-vert\/\"]}]},{\"@type\":\"ImageObject\",\"inLanguage\":\"fr-FR\",\"@id\":\"https:\/\/timuntutravel.com\/v3\/amilcar-cabral-et-son-role-dans-lindependance-du-cap-vert\/#primaryimage\",\"url\":\"https:\/\/timuntutravel.com\/v3\/wp-content\/uploads\/2024\/07\/IMG_5908.jpeg\",\"contentUrl\":\"https:\/\/timuntutravel.com\/v3\/wp-content\/uploads\/2024\/07\/IMG_5908.jpeg\",\"width\":2048,\"height\":1536},{\"@type\":\"BreadcrumbList\",\"@id\":\"https:\/\/timuntutravel.com\/v3\/amilcar-cabral-et-son-role-dans-lindependance-du-cap-vert\/#breadcrumb\",\"itemListElement\":[{\"@type\":\"ListItem\",\"position\":1,\"name\":\"Accueil\",\"item\":\"https:\/\/timuntutravel.com\/v3\/\"},{\"@type\":\"ListItem\",\"position\":2,\"name\":\"Am\u00edlcar Cabral et Son R\u00f4le dans l&rsquo;Ind\u00e9pendance du Cap-Vert\"}]},{\"@type\":\"WebSite\",\"@id\":\"https:\/\/timuntutravel.com\/#website\",\"url\":\"https:\/\/timuntutravel.com\/\",\"name\":\"Timuntu Travel\",\"description\":\"Timuntu Travel\",\"publisher\":{\"@id\":\"https:\/\/timuntutravel.com\/#organization\"},\"potentialAction\":[{\"@type\":\"SearchAction\",\"target\":{\"@type\":\"EntryPoint\",\"urlTemplate\":\"https:\/\/timuntutravel.com\/?s={search_term_string}\"},\"query-input\":{\"@type\":\"PropertyValueSpecification\",\"valueRequired\":true,\"valueName\":\"search_term_string\"}}],\"inLanguage\":\"fr-FR\"},{\"@type\":\"Organization\",\"@id\":\"https:\/\/timuntutravel.com\/#organization\",\"name\":\"Timuntu Travel\",\"url\":\"https:\/\/timuntutravel.com\/\",\"logo\":{\"@type\":\"ImageObject\",\"inLanguage\":\"fr-FR\",\"@id\":\"https:\/\/timuntutravel.com\/#\/schema\/logo\/image\/\",\"url\":\"https:\/\/timuntutravel.com\/v3\/wp-content\/uploads\/2022\/04\/Original.png\",\"contentUrl\":\"https:\/\/timuntutravel.com\/v3\/wp-content\/uploads\/2022\/04\/Original.png\",\"width\":800,\"height\":361,\"caption\":\"Timuntu Travel\"},\"image\":{\"@id\":\"https:\/\/timuntutravel.com\/#\/schema\/logo\/image\/\"}},{\"@type\":\"Person\",\"@id\":\"https:\/\/timuntutravel.com\/#\/schema\/person\/8c025aac98a726185eeddfca9cef91da\",\"name\":\"Rille\",\"image\":{\"@type\":\"ImageObject\",\"inLanguage\":\"fr-FR\",\"@id\":\"https:\/\/timuntutravel.com\/#\/schema\/person\/image\/\",\"url\":\"https:\/\/secure.gravatar.com\/avatar\/db84b47a60e88ebf43497a6487897b4931f1d9d09846c673d10a6dc8d3bbe399?s=96&d=mm&r=g\",\"contentUrl\":\"https:\/\/secure.gravatar.com\/avatar\/db84b47a60e88ebf43497a6487897b4931f1d9d09846c673d10a6dc8d3bbe399?s=96&d=mm&r=g\",\"caption\":\"Rille\"}}]}<\/script>\n<!-- \/ Yoast SEO plugin. -->","yoast_head_json":{"title":"Am\u00edlcar Cabral et Son R\u00f4le dans l'Ind\u00e9pendance du Cap-Vert - Timuntu Travel","robots":{"index":"index","follow":"follow","max-snippet":"max-snippet:-1","max-image-preview":"max-image-preview:large","max-video-preview":"max-video-preview:-1"},"canonical":"https:\/\/timuntutravel.com\/v3\/amilcar-cabral-et-son-role-dans-lindependance-du-cap-vert\/","og_locale":"fr_FR","og_type":"article","og_title":"Am\u00edlcar Cabral et Son R\u00f4le dans l'Ind\u00e9pendance du Cap-Vert - Timuntu Travel","og_description":"Am\u00edlcar Cabral est une figure embl\u00e9matique de l&rsquo;histoire du Cap-Vert et de la Guin\u00e9e-Bissau. R\u00e9volutionnaire, penseur et leader politique, Cabral a jou\u00e9 un r\u00f4le crucial dans la lutte pour l&rsquo;ind\u00e9pendance de ces deux nations de la domination coloniale portugaise. Son h\u00e9ritage reste profond\u00e9ment ancr\u00e9 dans les m\u00e9moires capverdienne et bissau-guin\u00e9enne, et il est souvent c\u00e9l\u00e9br\u00e9 [&hellip;]","og_url":"https:\/\/timuntutravel.com\/v3\/amilcar-cabral-et-son-role-dans-lindependance-du-cap-vert\/","og_site_name":"Timuntu Travel","article_published_time":"2024-10-03T07:00:00+00:00","og_image":[{"width":2048,"height":1536,"url":"https:\/\/timuntutravel.com\/v3\/wp-content\/uploads\/2024\/07\/IMG_5908.jpeg","type":"image\/jpeg"}],"author":"Rille","twitter_card":"summary_large_image","twitter_misc":{"\u00c9crit par":"Rille","Dur\u00e9e de lecture estim\u00e9e":"3 minutes"},"schema":{"@context":"https:\/\/schema.org","@graph":[{"@type":"Article","@id":"https:\/\/timuntutravel.com\/v3\/amilcar-cabral-et-son-role-dans-lindependance-du-cap-vert\/#article","isPartOf":{"@id":"https:\/\/timuntutravel.com\/v3\/amilcar-cabral-et-son-role-dans-lindependance-du-cap-vert\/"},"author":{"name":"Rille","@id":"https:\/\/timuntutravel.com\/#\/schema\/person\/8c025aac98a726185eeddfca9cef91da"},"headline":"Am\u00edlcar Cabral et Son R\u00f4le dans l&rsquo;Ind\u00e9pendance du Cap-Vert","datePublished":"2024-10-03T07:00:00+00:00","mainEntityOfPage":{"@id":"https:\/\/timuntutravel.com\/v3\/amilcar-cabral-et-son-role-dans-lindependance-du-cap-vert\/"},"wordCount":621,"publisher":{"@id":"https:\/\/timuntutravel.com\/#organization"},"image":{"@id":"https:\/\/timuntutravel.com\/v3\/amilcar-cabral-et-son-role-dans-lindependance-du-cap-vert\/#primaryimage"},"thumbnailUrl":"https:\/\/timuntutravel.com\/v3\/wp-content\/uploads\/2024\/07\/IMG_5908.jpeg","keywords":["blog"],"articleSection":["Uncategorized"],"inLanguage":"fr-FR"},{"@type":"WebPage","@id":"https:\/\/timuntutravel.com\/v3\/amilcar-cabral-et-son-role-dans-lindependance-du-cap-vert\/","url":"https:\/\/timuntutravel.com\/v3\/amilcar-cabral-et-son-role-dans-lindependance-du-cap-vert\/","name":"Am\u00edlcar Cabral et Son R\u00f4le dans l'Ind\u00e9pendance du Cap-Vert - Timuntu Travel","isPartOf":{"@id":"https:\/\/timuntutravel.com\/#website"},"primaryImageOfPage":{"@id":"https:\/\/timuntutravel.com\/v3\/amilcar-cabral-et-son-role-dans-lindependance-du-cap-vert\/#primaryimage"},"image":{"@id":"https:\/\/timuntutravel.com\/v3\/amilcar-cabral-et-son-role-dans-lindependance-du-cap-vert\/#primaryimage"},"thumbnailUrl":"https:\/\/timuntutravel.com\/v3\/wp-content\/uploads\/2024\/07\/IMG_5908.jpeg","datePublished":"2024-10-03T07:00:00+00:00","breadcrumb":{"@id":"https:\/\/timuntutravel.com\/v3\/amilcar-cabral-et-son-role-dans-lindependance-du-cap-vert\/#breadcrumb"},"inLanguage":"fr-FR","potentialAction":[{"@type":"ReadAction","target":["https:\/\/timuntutravel.com\/v3\/amilcar-cabral-et-son-role-dans-lindependance-du-cap-vert\/"]}]},{"@type":"ImageObject","inLanguage":"fr-FR","@id":"https:\/\/timuntutravel.com\/v3\/amilcar-cabral-et-son-role-dans-lindependance-du-cap-vert\/#primaryimage","url":"https:\/\/timuntutravel.com\/v3\/wp-content\/uploads\/2024\/07\/IMG_5908.jpeg","contentUrl":"https:\/\/timuntutravel.com\/v3\/wp-content\/uploads\/2024\/07\/IMG_5908.jpeg","width":2048,"height":1536},{"@type":"BreadcrumbList","@id":"https:\/\/timuntutravel.com\/v3\/amilcar-cabral-et-son-role-dans-lindependance-du-cap-vert\/#breadcrumb","itemListElement":[{"@type":"ListItem","position":1,"name":"Accueil","item":"https:\/\/timuntutravel.com\/v3\/"},{"@type":"ListItem","position":2,"name":"Am\u00edlcar Cabral et Son R\u00f4le dans l&rsquo;Ind\u00e9pendance du Cap-Vert"}]},{"@type":"WebSite","@id":"https:\/\/timuntutravel.com\/#website","url":"https:\/\/timuntutravel.com\/","name":"Timuntu Travel","description":"Timuntu Travel","publisher":{"@id":"https:\/\/timuntutravel.com\/#organization"},"potentialAction":[{"@type":"SearchAction","target":{"@type":"EntryPoint","urlTemplate":"https:\/\/timuntutravel.com\/?s={search_term_string}"},"query-input":{"@type":"PropertyValueSpecification","valueRequired":true,"valueName":"search_term_string"}}],"inLanguage":"fr-FR"},{"@type":"Organization","@id":"https:\/\/timuntutravel.com\/#organization","name":"Timuntu Travel","url":"https:\/\/timuntutravel.com\/","logo":{"@type":"ImageObject","inLanguage":"fr-FR","@id":"https:\/\/timuntutravel.com\/#\/schema\/logo\/image\/","url":"https:\/\/timuntutravel.com\/v3\/wp-content\/uploads\/2022\/04\/Original.png","contentUrl":"https:\/\/timuntutravel.com\/v3\/wp-content\/uploads\/2022\/04\/Original.png","width":800,"height":361,"caption":"Timuntu Travel"},"image":{"@id":"https:\/\/timuntutravel.com\/#\/schema\/logo\/image\/"}},{"@type":"Person","@id":"https:\/\/timuntutravel.com\/#\/schema\/person\/8c025aac98a726185eeddfca9cef91da","name":"Rille","image":{"@type":"ImageObject","inLanguage":"fr-FR","@id":"https:\/\/timuntutravel.com\/#\/schema\/person\/image\/","url":"https:\/\/secure.gravatar.com\/avatar\/db84b47a60e88ebf43497a6487897b4931f1d9d09846c673d10a6dc8d3bbe399?s=96&d=mm&r=g","contentUrl":"https:\/\/secure.gravatar.com\/avatar\/db84b47a60e88ebf43497a6487897b4931f1d9d09846c673d10a6dc8d3bbe399?s=96&d=mm&r=g","caption":"Rille"}}]}},"_links":{"self":[{"href":"https:\/\/timuntutravel.com\/v3\/wp-json\/wp\/v2\/posts\/7009","targetHints":{"allow":["GET"]}}],"collection":[{"href":"https:\/\/timuntutravel.com\/v3\/wp-json\/wp\/v2\/posts"}],"about":[{"href":"https:\/\/timuntutravel.com\/v3\/wp-json\/wp\/v2\/types\/post"}],"author":[{"embeddable":true,"href":"https:\/\/timuntutravel.com\/v3\/wp-json\/wp\/v2\/users\/4"}],"replies":[{"embeddable":true,"href":"https:\/\/timuntutravel.com\/v3\/wp-json\/wp\/v2\/comments?post=7009"}],"version-history":[{"count":2,"href":"https:\/\/timuntutravel.com\/v3\/wp-json\/wp\/v2\/posts\/7009\/revisions"}],"predecessor-version":[{"id":7014,"href":"https:\/\/timuntutravel.com\/v3\/wp-json\/wp\/v2\/posts\/7009\/revisions\/7014"}],"wp:featuredmedia":[{"embeddable":true,"href":"https:\/\/timuntutravel.com\/v3\/wp-json\/wp\/v2\/media\/7010"}],"wp:attachment":[{"href":"https:\/\/timuntutravel.com\/v3\/wp-json\/wp\/v2\/media?parent=7009"}],"wp:term":[{"taxonomy":"category","embeddable":true,"href":"https:\/\/timuntutravel.com\/v3\/wp-json\/wp\/v2\/categories?post=7009"},{"taxonomy":"post_tag","embeddable":true,"href":"https:\/\/timuntutravel.com\/v3\/wp-json\/wp\/v2\/tags?post=7009"}],"curies":[{"name":"wp","href":"https:\/\/api.w.org\/{rel}","templated":true}]}}