{"id":7038,"date":"2024-09-05T09:00:00","date_gmt":"2024-09-05T07:00:00","guid":{"rendered":"https:\/\/timuntutravel.com\/v3\/?p=7038"},"modified":"2024-08-19T16:06:42","modified_gmt":"2024-08-19T14:06:42","slug":"the-cradle-of-humankind-en-afrique-du-sud","status":"publish","type":"post","link":"https:\/\/timuntutravel.com\/v3\/the-cradle-of-humankind-en-afrique-du-sud\/","title":{"rendered":"The Cradle of Humankind : le berceau de l\u2019Humanit\u00e9"},"content":{"rendered":"\n<p>Est-ce que tu t&rsquo;es d\u00e9j\u00e0 pos\u00e9 la question de l\u2019origine de l\u2019\u00catre humain ? Comment notre la plan\u00e8te Terre a-t-elle \u00e9volu\u00e9 ? Il existe un endroit o\u00f9 vous pourras tes r\u00e9ponses : The Cradle of Humankind (le berceau de l\u2019humanit\u00e9)<\/p>\n\n\n\n<figure class=\"wp-block-image size-full\"><img fetchpriority=\"high\" decoding=\"async\" width=\"952\" height=\"600\" src=\"https:\/\/timuntutravel.com\/v3\/wp-content\/uploads\/2024\/08\/cradle_of_humankind2-MAX-w1000h600.jpg\" alt=\"\" class=\"wp-image-7042\" srcset=\"https:\/\/timuntutravel.com\/v3\/wp-content\/uploads\/2024\/08\/cradle_of_humankind2-MAX-w1000h600.jpg 952w, https:\/\/timuntutravel.com\/v3\/wp-content\/uploads\/2024\/08\/cradle_of_humankind2-MAX-w1000h600-300x189.jpg 300w, https:\/\/timuntutravel.com\/v3\/wp-content\/uploads\/2024\/08\/cradle_of_humankind2-MAX-w1000h600-768x484.jpg 768w, https:\/\/timuntutravel.com\/v3\/wp-content\/uploads\/2024\/08\/cradle_of_humankind2-MAX-w1000h600-600x378.jpg 600w, https:\/\/timuntutravel.com\/v3\/wp-content\/uploads\/2024\/08\/cradle_of_humankind2-MAX-w1000h600-143x90.jpg 143w\" sizes=\"(max-width: 952px) 100vw, 952px\" \/><\/figure>\n\n\n\n<h2 class=\"wp-block-heading\">The Cradle of Humankind en Afrique du Sud<\/h2>\n\n\n\n<p>Le berceau de l&rsquo;humanit\u00e9, situ\u00e9 \u00e0 environ 50 km au nord-ouest de Johannesburg, est l&rsquo;un des 8 sites du patrimoine mondial de <a href=\"https:\/\/whc.unesco.org\/en\/list\/915\">l&rsquo;UNESCO <\/a>en Afrique du Sud. Ce site est c\u00e9l\u00e8bre pour ses grottes calcaires, qui ont r\u00e9v\u00e9l\u00e9 des fossiles cruciaux pour l&rsquo;\u00e9tude de l&rsquo;\u00e9volution humaine. Les d\u00e9couvertes faites ici ont soutenu la th\u00e9orie \u00ab Hors d&rsquo;Afrique \u00bb ou \u00ab Out of Africa \u00bb, affirmant que la majorit\u00e9 des anc\u00eatres humains proviennent d&rsquo;Afrique. Les grottes de Sterkfontein, en particulier, ont livr\u00e9 plus de 500 fossiles d&rsquo;hominid\u00e9s, renfor\u00e7ant l&rsquo;importance du site pour la compr\u00e9hension de nos origines.<\/p>\n\n\n\n<figure class=\"wp-block-image size-large\"><img decoding=\"async\" width=\"1024\" height=\"683\" src=\"https:\/\/timuntutravel.com\/v3\/wp-content\/uploads\/2024\/08\/16184104660_0335792baa_o_1447f8dca2a8842092d690b2f2fc820b-1-1024x683.jpg\" alt=\"\" class=\"wp-image-7043\" srcset=\"https:\/\/timuntutravel.com\/v3\/wp-content\/uploads\/2024\/08\/16184104660_0335792baa_o_1447f8dca2a8842092d690b2f2fc820b-1-1024x683.jpg 1024w, https:\/\/timuntutravel.com\/v3\/wp-content\/uploads\/2024\/08\/16184104660_0335792baa_o_1447f8dca2a8842092d690b2f2fc820b-1-300x200.jpg 300w, https:\/\/timuntutravel.com\/v3\/wp-content\/uploads\/2024\/08\/16184104660_0335792baa_o_1447f8dca2a8842092d690b2f2fc820b-1-768x512.jpg 768w, https:\/\/timuntutravel.com\/v3\/wp-content\/uploads\/2024\/08\/16184104660_0335792baa_o_1447f8dca2a8842092d690b2f2fc820b-1-600x400.jpg 600w, https:\/\/timuntutravel.com\/v3\/wp-content\/uploads\/2024\/08\/16184104660_0335792baa_o_1447f8dca2a8842092d690b2f2fc820b-1-135x90.jpg 135w, https:\/\/timuntutravel.com\/v3\/wp-content\/uploads\/2024\/08\/16184104660_0335792baa_o_1447f8dca2a8842092d690b2f2fc820b-1.jpg 1200w\" sizes=\"(max-width: 1024px) 100vw, 1024px\" \/><\/figure>\n\n\n\n<h2 class=\"wp-block-heading\">Importance Historique et Arch\u00e9ologique<\/h2>\n\n\n\n<p>The Cradle of Humankind doit son nom aux d\u00e9couvertes remarquables de fossiles d&rsquo;hominid\u00e9s, nos anc\u00eatres humains. C&rsquo;est ici que certains des premiers hominid\u00e9s, tels que l&rsquo;Australopithecus africanus, ont \u00e9t\u00e9 d\u00e9couverts, datant de plusieurs millions d&rsquo;ann\u00e9es. Ces d\u00e9couvertes ont jou\u00e9 un r\u00f4le crucial dans la compr\u00e9hension de l&rsquo;\u00e9volution humaine.<\/p>\n\n\n\n<p>Le site est particuli\u00e8rement c\u00e9l\u00e8bre pour la d\u00e9couverte en 1924 du cr\u00e2ne de l&rsquo;enfant de Taung, un sp\u00e9cimen d&rsquo;Australopithecus africanus, et plus r\u00e9cemment pour les fossiles d\u2019Homo naledi, d\u00e9couverts dans la grotte de Rising Star en 2013. Ces fossiles offrent un aper\u00e7u unique sur les premiers anc\u00eatres de l&rsquo;humanit\u00e9.<\/p>\n\n\n\n<figure class=\"wp-block-image size-full\"><img decoding=\"async\" width=\"768\" height=\"512\" src=\"https:\/\/timuntutravel.com\/v3\/wp-content\/uploads\/2024\/08\/15616387032_9fea9917bd_o-1_a88724a973c6ce56c72c06172a0db19d.jpg\" alt=\"\" class=\"wp-image-7041\" srcset=\"https:\/\/timuntutravel.com\/v3\/wp-content\/uploads\/2024\/08\/15616387032_9fea9917bd_o-1_a88724a973c6ce56c72c06172a0db19d.jpg 768w, https:\/\/timuntutravel.com\/v3\/wp-content\/uploads\/2024\/08\/15616387032_9fea9917bd_o-1_a88724a973c6ce56c72c06172a0db19d-300x200.jpg 300w, https:\/\/timuntutravel.com\/v3\/wp-content\/uploads\/2024\/08\/15616387032_9fea9917bd_o-1_a88724a973c6ce56c72c06172a0db19d-600x400.jpg 600w, https:\/\/timuntutravel.com\/v3\/wp-content\/uploads\/2024\/08\/15616387032_9fea9917bd_o-1_a88724a973c6ce56c72c06172a0db19d-135x90.jpg 135w\" sizes=\"(max-width: 768px) 100vw, 768px\" \/><\/figure>\n\n\n\n<h2 class=\"wp-block-heading\">Une exp\u00e9rience inoubliable<\/h2>\n\n\n\n<p>L&rsquo;une des grottes les plus c\u00e9l\u00e8bres de The Cradle of Humankind, Sterkfontein est le lieu o\u00f9 de nombreux fossiles d&rsquo;hominid\u00e9s ont \u00e9t\u00e9 d\u00e9couverts. Les visiteurs peuvent explorer une partie de ces grottes et d\u00e9couvrir les fouilles en cours. <\/p>\n\n\n\n<p>Une autre grotte notable, la Grotte de Wonder est l&rsquo;une des plus anciennes grottes d&rsquo;Afrique, vieille de plus de deux milliards d&rsquo;ann\u00e9es. Bien que moins riche en fossiles que Sterkfontein, elle offre une fascinante g\u00e9ologie et histoire naturelle.<\/p>\n\n\n\n<figure class=\"wp-block-image size-large\"><img loading=\"lazy\" decoding=\"async\" width=\"1024\" height=\"768\" src=\"https:\/\/timuntutravel.com\/v3\/wp-content\/uploads\/2024\/08\/IMG_20170425_093045-1024x768.jpg\" alt=\"\" class=\"wp-image-7045\" srcset=\"https:\/\/timuntutravel.com\/v3\/wp-content\/uploads\/2024\/08\/IMG_20170425_093045-1024x768.jpg 1024w, https:\/\/timuntutravel.com\/v3\/wp-content\/uploads\/2024\/08\/IMG_20170425_093045-300x225.jpg 300w, https:\/\/timuntutravel.com\/v3\/wp-content\/uploads\/2024\/08\/IMG_20170425_093045-768x576.jpg 768w, https:\/\/timuntutravel.com\/v3\/wp-content\/uploads\/2024\/08\/IMG_20170425_093045-1536x1152.jpg 1536w, https:\/\/timuntutravel.com\/v3\/wp-content\/uploads\/2024\/08\/IMG_20170425_093045-2048x1536.jpg 2048w, https:\/\/timuntutravel.com\/v3\/wp-content\/uploads\/2024\/08\/IMG_20170425_093045-600x450.jpg 600w, https:\/\/timuntutravel.com\/v3\/wp-content\/uploads\/2024\/08\/IMG_20170425_093045-120x90.jpg 120w\" sizes=\"(max-width: 1024px) 100vw, 1024px\" \/><figcaption class=\"wp-element-caption\">cof<\/figcaption><\/figure>\n\n\n\n<p>Le centre des visiteurs de Maropeng est un centre interactif. C&rsquo;est le point de d\u00e9part id\u00e9al pour toute visite de The Cradle of Humankind. Il propose des expositions qui retracent l&rsquo;\u00e9volution de l&rsquo;humanit\u00e9, les d\u00e9couvertes pal\u00e9ontologiques, et l&rsquo;histoire g\u00e9ologique de la r\u00e9gion. L&rsquo;exp\u00e9rience se termine par un voyage \u00e0 travers les \u00e2ges dans une exposition souterraine qui simule les diff\u00e9rentes p\u00e9riodes de l&rsquo;histoire de la Terre.<\/p>\n\n\n\n<p>Outre les visites guid\u00e9es des grottes, les visiteurs peuvent participer \u00e0 des randonn\u00e9es, des promenades en ballon, et explorer les nombreux sentiers qui serpentent \u00e0 travers cette r\u00e9gion riche en histoire.<\/p>\n\n\n\n<p>Visiter The Cradle of Humankind, c&rsquo;est remonter le temps et marcher sur les traces de nos anc\u00eatres les plus lointains. Ce site offre une perspective unique sur l&rsquo;origine de l&rsquo;humanit\u00e9, combinant l&rsquo;histoire, la science et la nature dans une exp\u00e9rience \u00e9ducative et \u00e9mouvante. Pour les passionn\u00e9s d&rsquo;histoire, de science, ou tout simplement de la nature, c&rsquo;est une destination incontournable en Afrique du Sud. Pour d\u00e9couvrir ce site, tu peux nous <a href=\"https:\/\/timuntutravel.com\/v3\/contact\/\">contacter <\/a>directement. On se fera plaisir de t&rsquo;organiser une journ\u00e9e originale sur ce site vraiment incroyable. <\/p>\n","protected":false},"excerpt":{"rendered":"<p>Est-ce que tu t&rsquo;es d\u00e9j\u00e0 pos\u00e9 la question de l\u2019origine de l\u2019\u00catre humain ? Comment notre la plan\u00e8te Terre a-t-elle \u00e9volu\u00e9 ? Il existe un endroit o\u00f9 vous pourras tes r\u00e9ponses : The Cradle of Humankind (le berceau de l\u2019humanit\u00e9) The Cradle of Humankind en Afrique du Sud Le berceau de l&rsquo;humanit\u00e9, situ\u00e9 \u00e0 environ [&hellip;]<\/p>\n","protected":false},"author":4,"featured_media":7048,"comment_status":"closed","ping_status":"open","sticky":false,"template":"","format":"standard","meta":{"_acf_changed":false,"_jet_sm_ready_style":"","_jet_sm_style":"","_jet_sm_controls_values":"","_jet_sm_fonts_collection":"","_jet_sm_fonts_links":"","footnotes":""},"categories":[1],"tags":[232],"class_list":["post-7038","post","type-post","status-publish","format-standard","has-post-thumbnail","hentry","category-uncategorized","tag-blog"],"acf":[],"yoast_head":"<!-- This site is optimized with the Yoast SEO plugin v25.4 - https:\/\/yoast.com\/wordpress\/plugins\/seo\/ -->\n<title>The Cradle of Humankind : le berceau de l\u2019Humanit\u00e9 - Timuntu Travel<\/title>\n<meta name=\"robots\" content=\"index, follow, max-snippet:-1, max-image-preview:large, max-video-preview:-1\" \/>\n<link rel=\"canonical\" href=\"https:\/\/timuntutravel.com\/v3\/the-cradle-of-humankind-en-afrique-du-sud\/\" \/>\n<meta property=\"og:locale\" content=\"fr_FR\" \/>\n<meta property=\"og:type\" content=\"article\" \/>\n<meta property=\"og:title\" content=\"The Cradle of Humankind : le berceau de l\u2019Humanit\u00e9 - Timuntu Travel\" \/>\n<meta property=\"og:description\" content=\"Est-ce que tu t&rsquo;es d\u00e9j\u00e0 pos\u00e9 la question de l\u2019origine de l\u2019\u00catre humain ? Comment notre la plan\u00e8te Terre a-t-elle \u00e9volu\u00e9 ? Il existe un endroit o\u00f9 vous pourras tes r\u00e9ponses : The Cradle of Humankind (le berceau de l\u2019humanit\u00e9) The Cradle of Humankind en Afrique du Sud Le berceau de l&rsquo;humanit\u00e9, situ\u00e9 \u00e0 environ [&hellip;]\" \/>\n<meta property=\"og:url\" content=\"https:\/\/timuntutravel.com\/v3\/the-cradle-of-humankind-en-afrique-du-sud\/\" \/>\n<meta property=\"og:site_name\" content=\"Timuntu Travel\" \/>\n<meta property=\"article:published_time\" content=\"2024-09-05T07:00:00+00:00\" \/>\n<meta property=\"og:image\" content=\"https:\/\/timuntutravel.com\/v3\/wp-content\/uploads\/2024\/08\/cradle_of_humankind2-MAX-w1000h600-1.jpg\" \/>\n\t<meta property=\"og:image:width\" content=\"952\" \/>\n\t<meta property=\"og:image:height\" content=\"600\" \/>\n\t<meta property=\"og:image:type\" content=\"image\/jpeg\" \/>\n<meta name=\"author\" content=\"Rille\" \/>\n<meta name=\"twitter:card\" content=\"summary_large_image\" \/>\n<meta name=\"twitter:label1\" content=\"\u00c9crit par\" \/>\n\t<meta name=\"twitter:data1\" content=\"Rille\" \/>\n\t<meta name=\"twitter:label2\" content=\"Dur\u00e9e de lecture estim\u00e9e\" \/>\n\t<meta name=\"twitter:data2\" content=\"3 minutes\" \/>\n<script type=\"application\/ld+json\" class=\"yoast-schema-graph\">{\"@context\":\"https:\/\/schema.org\",\"@graph\":[{\"@type\":\"Article\",\"@id\":\"https:\/\/timuntutravel.com\/v3\/the-cradle-of-humankind-en-afrique-du-sud\/#article\",\"isPartOf\":{\"@id\":\"https:\/\/timuntutravel.com\/v3\/the-cradle-of-humankind-en-afrique-du-sud\/\"},\"author\":{\"name\":\"Rille\",\"@id\":\"https:\/\/timuntutravel.com\/#\/schema\/person\/8c025aac98a726185eeddfca9cef91da\"},\"headline\":\"The Cradle of Humankind : le berceau de l\u2019Humanit\u00e9\",\"datePublished\":\"2024-09-05T07:00:00+00:00\",\"mainEntityOfPage\":{\"@id\":\"https:\/\/timuntutravel.com\/v3\/the-cradle-of-humankind-en-afrique-du-sud\/\"},\"wordCount\":567,\"publisher\":{\"@id\":\"https:\/\/timuntutravel.com\/#organization\"},\"image\":{\"@id\":\"https:\/\/timuntutravel.com\/v3\/the-cradle-of-humankind-en-afrique-du-sud\/#primaryimage\"},\"thumbnailUrl\":\"https:\/\/timuntutravel.com\/v3\/wp-content\/uploads\/2024\/08\/cradle_of_humankind2-MAX-w1000h600-1.jpg\",\"keywords\":[\"blog\"],\"articleSection\":[\"Uncategorized\"],\"inLanguage\":\"fr-FR\"},{\"@type\":\"WebPage\",\"@id\":\"https:\/\/timuntutravel.com\/v3\/the-cradle-of-humankind-en-afrique-du-sud\/\",\"url\":\"https:\/\/timuntutravel.com\/v3\/the-cradle-of-humankind-en-afrique-du-sud\/\",\"name\":\"The Cradle of Humankind : le berceau de l\u2019Humanit\u00e9 - Timuntu Travel\",\"isPartOf\":{\"@id\":\"https:\/\/timuntutravel.com\/#website\"},\"primaryImageOfPage\":{\"@id\":\"https:\/\/timuntutravel.com\/v3\/the-cradle-of-humankind-en-afrique-du-sud\/#primaryimage\"},\"image\":{\"@id\":\"https:\/\/timuntutravel.com\/v3\/the-cradle-of-humankind-en-afrique-du-sud\/#primaryimage\"},\"thumbnailUrl\":\"https:\/\/timuntutravel.com\/v3\/wp-content\/uploads\/2024\/08\/cradle_of_humankind2-MAX-w1000h600-1.jpg\",\"datePublished\":\"2024-09-05T07:00:00+00:00\",\"breadcrumb\":{\"@id\":\"https:\/\/timuntutravel.com\/v3\/the-cradle-of-humankind-en-afrique-du-sud\/#breadcrumb\"},\"inLanguage\":\"fr-FR\",\"potentialAction\":[{\"@type\":\"ReadAction\",\"target\":[\"https:\/\/timuntutravel.com\/v3\/the-cradle-of-humankind-en-afrique-du-sud\/\"]}]},{\"@type\":\"ImageObject\",\"inLanguage\":\"fr-FR\",\"@id\":\"https:\/\/timuntutravel.com\/v3\/the-cradle-of-humankind-en-afrique-du-sud\/#primaryimage\",\"url\":\"https:\/\/timuntutravel.com\/v3\/wp-content\/uploads\/2024\/08\/cradle_of_humankind2-MAX-w1000h600-1.jpg\",\"contentUrl\":\"https:\/\/timuntutravel.com\/v3\/wp-content\/uploads\/2024\/08\/cradle_of_humankind2-MAX-w1000h600-1.jpg\",\"width\":952,\"height\":600},{\"@type\":\"BreadcrumbList\",\"@id\":\"https:\/\/timuntutravel.com\/v3\/the-cradle-of-humankind-en-afrique-du-sud\/#breadcrumb\",\"itemListElement\":[{\"@type\":\"ListItem\",\"position\":1,\"name\":\"Accueil\",\"item\":\"https:\/\/timuntutravel.com\/v3\/\"},{\"@type\":\"ListItem\",\"position\":2,\"name\":\"The Cradle of Humankind : le berceau de l\u2019Humanit\u00e9\"}]},{\"@type\":\"WebSite\",\"@id\":\"https:\/\/timuntutravel.com\/#website\",\"url\":\"https:\/\/timuntutravel.com\/\",\"name\":\"Timuntu Travel\",\"description\":\"Timuntu Travel\",\"publisher\":{\"@id\":\"https:\/\/timuntutravel.com\/#organization\"},\"potentialAction\":[{\"@type\":\"SearchAction\",\"target\":{\"@type\":\"EntryPoint\",\"urlTemplate\":\"https:\/\/timuntutravel.com\/?s={search_term_string}\"},\"query-input\":{\"@type\":\"PropertyValueSpecification\",\"valueRequired\":true,\"valueName\":\"search_term_string\"}}],\"inLanguage\":\"fr-FR\"},{\"@type\":\"Organization\",\"@id\":\"https:\/\/timuntutravel.com\/#organization\",\"name\":\"Timuntu Travel\",\"url\":\"https:\/\/timuntutravel.com\/\",\"logo\":{\"@type\":\"ImageObject\",\"inLanguage\":\"fr-FR\",\"@id\":\"https:\/\/timuntutravel.com\/#\/schema\/logo\/image\/\",\"url\":\"https:\/\/timuntutravel.com\/v3\/wp-content\/uploads\/2022\/04\/Original.png\",\"contentUrl\":\"https:\/\/timuntutravel.com\/v3\/wp-content\/uploads\/2022\/04\/Original.png\",\"width\":800,\"height\":361,\"caption\":\"Timuntu Travel\"},\"image\":{\"@id\":\"https:\/\/timuntutravel.com\/#\/schema\/logo\/image\/\"}},{\"@type\":\"Person\",\"@id\":\"https:\/\/timuntutravel.com\/#\/schema\/person\/8c025aac98a726185eeddfca9cef91da\",\"name\":\"Rille\",\"image\":{\"@type\":\"ImageObject\",\"inLanguage\":\"fr-FR\",\"@id\":\"https:\/\/timuntutravel.com\/#\/schema\/person\/image\/\",\"url\":\"https:\/\/secure.gravatar.com\/avatar\/db84b47a60e88ebf43497a6487897b4931f1d9d09846c673d10a6dc8d3bbe399?s=96&d=mm&r=g\",\"contentUrl\":\"https:\/\/secure.gravatar.com\/avatar\/db84b47a60e88ebf43497a6487897b4931f1d9d09846c673d10a6dc8d3bbe399?s=96&d=mm&r=g\",\"caption\":\"Rille\"}}]}<\/script>\n<!-- \/ Yoast SEO plugin. -->","yoast_head_json":{"title":"The Cradle of Humankind : le berceau de l\u2019Humanit\u00e9 - Timuntu Travel","robots":{"index":"index","follow":"follow","max-snippet":"max-snippet:-1","max-image-preview":"max-image-preview:large","max-video-preview":"max-video-preview:-1"},"canonical":"https:\/\/timuntutravel.com\/v3\/the-cradle-of-humankind-en-afrique-du-sud\/","og_locale":"fr_FR","og_type":"article","og_title":"The Cradle of Humankind : le berceau de l\u2019Humanit\u00e9 - Timuntu Travel","og_description":"Est-ce que tu t&rsquo;es d\u00e9j\u00e0 pos\u00e9 la question de l\u2019origine de l\u2019\u00catre humain ? Comment notre la plan\u00e8te Terre a-t-elle \u00e9volu\u00e9 ? Il existe un endroit o\u00f9 vous pourras tes r\u00e9ponses : The Cradle of Humankind (le berceau de l\u2019humanit\u00e9) The Cradle of Humankind en Afrique du Sud Le berceau de l&rsquo;humanit\u00e9, situ\u00e9 \u00e0 environ [&hellip;]","og_url":"https:\/\/timuntutravel.com\/v3\/the-cradle-of-humankind-en-afrique-du-sud\/","og_site_name":"Timuntu Travel","article_published_time":"2024-09-05T07:00:00+00:00","og_image":[{"width":952,"height":600,"url":"https:\/\/timuntutravel.com\/v3\/wp-content\/uploads\/2024\/08\/cradle_of_humankind2-MAX-w1000h600-1.jpg","type":"image\/jpeg"}],"author":"Rille","twitter_card":"summary_large_image","twitter_misc":{"\u00c9crit par":"Rille","Dur\u00e9e de lecture estim\u00e9e":"3 minutes"},"schema":{"@context":"https:\/\/schema.org","@graph":[{"@type":"Article","@id":"https:\/\/timuntutravel.com\/v3\/the-cradle-of-humankind-en-afrique-du-sud\/#article","isPartOf":{"@id":"https:\/\/timuntutravel.com\/v3\/the-cradle-of-humankind-en-afrique-du-sud\/"},"author":{"name":"Rille","@id":"https:\/\/timuntutravel.com\/#\/schema\/person\/8c025aac98a726185eeddfca9cef91da"},"headline":"The Cradle of Humankind : le berceau de l\u2019Humanit\u00e9","datePublished":"2024-09-05T07:00:00+00:00","mainEntityOfPage":{"@id":"https:\/\/timuntutravel.com\/v3\/the-cradle-of-humankind-en-afrique-du-sud\/"},"wordCount":567,"publisher":{"@id":"https:\/\/timuntutravel.com\/#organization"},"image":{"@id":"https:\/\/timuntutravel.com\/v3\/the-cradle-of-humankind-en-afrique-du-sud\/#primaryimage"},"thumbnailUrl":"https:\/\/timuntutravel.com\/v3\/wp-content\/uploads\/2024\/08\/cradle_of_humankind2-MAX-w1000h600-1.jpg","keywords":["blog"],"articleSection":["Uncategorized"],"inLanguage":"fr-FR"},{"@type":"WebPage","@id":"https:\/\/timuntutravel.com\/v3\/the-cradle-of-humankind-en-afrique-du-sud\/","url":"https:\/\/timuntutravel.com\/v3\/the-cradle-of-humankind-en-afrique-du-sud\/","name":"The Cradle of Humankind : le berceau de l\u2019Humanit\u00e9 - Timuntu Travel","isPartOf":{"@id":"https:\/\/timuntutravel.com\/#website"},"primaryImageOfPage":{"@id":"https:\/\/timuntutravel.com\/v3\/the-cradle-of-humankind-en-afrique-du-sud\/#primaryimage"},"image":{"@id":"https:\/\/timuntutravel.com\/v3\/the-cradle-of-humankind-en-afrique-du-sud\/#primaryimage"},"thumbnailUrl":"https:\/\/timuntutravel.com\/v3\/wp-content\/uploads\/2024\/08\/cradle_of_humankind2-MAX-w1000h600-1.jpg","datePublished":"2024-09-05T07:00:00+00:00","breadcrumb":{"@id":"https:\/\/timuntutravel.com\/v3\/the-cradle-of-humankind-en-afrique-du-sud\/#breadcrumb"},"inLanguage":"fr-FR","potentialAction":[{"@type":"ReadAction","target":["https:\/\/timuntutravel.com\/v3\/the-cradle-of-humankind-en-afrique-du-sud\/"]}]},{"@type":"ImageObject","inLanguage":"fr-FR","@id":"https:\/\/timuntutravel.com\/v3\/the-cradle-of-humankind-en-afrique-du-sud\/#primaryimage","url":"https:\/\/timuntutravel.com\/v3\/wp-content\/uploads\/2024\/08\/cradle_of_humankind2-MAX-w1000h600-1.jpg","contentUrl":"https:\/\/timuntutravel.com\/v3\/wp-content\/uploads\/2024\/08\/cradle_of_humankind2-MAX-w1000h600-1.jpg","width":952,"height":600},{"@type":"BreadcrumbList","@id":"https:\/\/timuntutravel.com\/v3\/the-cradle-of-humankind-en-afrique-du-sud\/#breadcrumb","itemListElement":[{"@type":"ListItem","position":1,"name":"Accueil","item":"https:\/\/timuntutravel.com\/v3\/"},{"@type":"ListItem","position":2,"name":"The Cradle of Humankind : le berceau de l\u2019Humanit\u00e9"}]},{"@type":"WebSite","@id":"https:\/\/timuntutravel.com\/#website","url":"https:\/\/timuntutravel.com\/","name":"Timuntu Travel","description":"Timuntu Travel","publisher":{"@id":"https:\/\/timuntutravel.com\/#organization"},"potentialAction":[{"@type":"SearchAction","target":{"@type":"EntryPoint","urlTemplate":"https:\/\/timuntutravel.com\/?s={search_term_string}"},"query-input":{"@type":"PropertyValueSpecification","valueRequired":true,"valueName":"search_term_string"}}],"inLanguage":"fr-FR"},{"@type":"Organization","@id":"https:\/\/timuntutravel.com\/#organization","name":"Timuntu Travel","url":"https:\/\/timuntutravel.com\/","logo":{"@type":"ImageObject","inLanguage":"fr-FR","@id":"https:\/\/timuntutravel.com\/#\/schema\/logo\/image\/","url":"https:\/\/timuntutravel.com\/v3\/wp-content\/uploads\/2022\/04\/Original.png","contentUrl":"https:\/\/timuntutravel.com\/v3\/wp-content\/uploads\/2022\/04\/Original.png","width":800,"height":361,"caption":"Timuntu Travel"},"image":{"@id":"https:\/\/timuntutravel.com\/#\/schema\/logo\/image\/"}},{"@type":"Person","@id":"https:\/\/timuntutravel.com\/#\/schema\/person\/8c025aac98a726185eeddfca9cef91da","name":"Rille","image":{"@type":"ImageObject","inLanguage":"fr-FR","@id":"https:\/\/timuntutravel.com\/#\/schema\/person\/image\/","url":"https:\/\/secure.gravatar.com\/avatar\/db84b47a60e88ebf43497a6487897b4931f1d9d09846c673d10a6dc8d3bbe399?s=96&d=mm&r=g","contentUrl":"https:\/\/secure.gravatar.com\/avatar\/db84b47a60e88ebf43497a6487897b4931f1d9d09846c673d10a6dc8d3bbe399?s=96&d=mm&r=g","caption":"Rille"}}]}},"_links":{"self":[{"href":"https:\/\/timuntutravel.com\/v3\/wp-json\/wp\/v2\/posts\/7038","targetHints":{"allow":["GET"]}}],"collection":[{"href":"https:\/\/timuntutravel.com\/v3\/wp-json\/wp\/v2\/posts"}],"about":[{"href":"https:\/\/timuntutravel.com\/v3\/wp-json\/wp\/v2\/types\/post"}],"author":[{"embeddable":true,"href":"https:\/\/timuntutravel.com\/v3\/wp-json\/wp\/v2\/users\/4"}],"replies":[{"embeddable":true,"href":"https:\/\/timuntutravel.com\/v3\/wp-json\/wp\/v2\/comments?post=7038"}],"version-history":[{"count":2,"href":"https:\/\/timuntutravel.com\/v3\/wp-json\/wp\/v2\/posts\/7038\/revisions"}],"predecessor-version":[{"id":7049,"href":"https:\/\/timuntutravel.com\/v3\/wp-json\/wp\/v2\/posts\/7038\/revisions\/7049"}],"wp:featuredmedia":[{"embeddable":true,"href":"https:\/\/timuntutravel.com\/v3\/wp-json\/wp\/v2\/media\/7048"}],"wp:attachment":[{"href":"https:\/\/timuntutravel.com\/v3\/wp-json\/wp\/v2\/media?parent=7038"}],"wp:term":[{"taxonomy":"category","embeddable":true,"href":"https:\/\/timuntutravel.com\/v3\/wp-json\/wp\/v2\/categories?post=7038"},{"taxonomy":"post_tag","embeddable":true,"href":"https:\/\/timuntutravel.com\/v3\/wp-json\/wp\/v2\/tags?post=7038"}],"curies":[{"name":"wp","href":"https:\/\/api.w.org\/{rel}","templated":true}]}}